{"id":14506,"date":"2021-06-21T15:18:39","date_gmt":"2021-06-21T18:18:39","guid":{"rendered":"https:\/\/vinhedoscuiaba.com.br\/blog\/?p=14506"},"modified":"2021-06-29T11:00:26","modified_gmt":"2021-06-29T14:00:26","slug":"sistema-multimodal","status":"publish","type":"post","link":"https:\/\/vinhedoscuiaba.com.br\/blog\/sistema-multimodal\/","title":{"rendered":"Mobilidade urbana tem sistema multimodal como solu\u00e7\u00e3o"},"content":{"rendered":"<div id=\"cmsmasters_row_622t3v0cqn\" class=\"cmsmasters_row cmsmasters_color_scheme_default cmsmasters_row_top_default cmsmasters_row_bot_default cmsmasters_row_boxed\">\n<div class=\"cmsmasters_row_outer_parent\">\n<div class=\"cmsmasters_row_outer\">\n<div class=\"cmsmasters_row_inner\">\n<div class=\"cmsmasters_row_margin\">\n<div id=\"cmsmasters_column_8frv5nfksg\" class=\"cmsmasters_column one_first\">\n<div class=\"cmsmasters_column_inner\"><div class=\"cmsmasters_text\">\n<h3>Com implanta\u00e7\u00e3o de smart cities, esquema integrado e sustent\u00e1vel de transporte, atende \u00e0s necessidades de deslocamento da popula\u00e7\u00e3o<\/h3>\n<\/div>\n<div id=\"cmsmasters_divider_vnrcivr9ge\" class=\"cmsmasters_divider cmsmasters_divider_width_long cmsmasters_divider_pos_center\"><\/div>\n<\/div><\/div>\n<\/div>\n<\/div>\n<\/div>\n<\/div>\n<\/div>\n<div id=\"cmsmasters_row_mk5kg0otor\" class=\"cmsmasters_row cmsmasters_color_scheme_default cmsmasters_row_top_default cmsmasters_row_bot_default cmsmasters_row_boxed\">\n<div class=\"cmsmasters_row_outer_parent\">\n<div class=\"cmsmasters_row_outer\">\n<div class=\"cmsmasters_row_inner\">\n<div class=\"cmsmasters_row_margin\">\n<div id=\"cmsmasters_column_vgtwhjohwv\" class=\"cmsmasters_column one_first\">\n<div class=\"cmsmasters_column_inner\"><div class=\"cmsmasters_text\">\n<p>O sistema multimodal \u00e9 a grande solu\u00e7\u00e3o apresentada atualmente para diminuir os problemas para quem transita por grandes cidades. Quest\u00f5es como pre\u00e7o e qualidade do transporte p\u00fablico, engarrafamentos nos hor\u00e1rios de maior movimento, a qualidade das vias, o desrespeito no tr\u00e2nsito, as grandes dist\u00e2ncias, entre outras, fazem da mobilidade urbana um dos grandes desafios a ser superado, no objetivo de melhorar a qualidade de vida nas metr\u00f3poles do Brasil e do mundo.<\/p>\n<p>Com 7 bilh\u00f5es de pessoas vivendo no planeta Terra, a estimativa \u00e9 de que<span style=\"color: #7d0e44;\"> <a style=\"color: #7d0e44;\" href=\"https:\/\/unric.org\/pt\/onu-preve-que-cidades-abriguem-70-da-populacao-mundial-ate-2050\/\" target=\"_blank\" rel=\"noopener\">70% da popula\u00e7\u00e3o esteja morando em \u00e1reas urbanas at\u00e9 2050<\/a><\/span>, o desenvolvimento das chamadas <span style=\"color: #7d0e44;\"><a style=\"color: #7d0e44;\" href=\"https:\/\/vinhedoscuiaba.com.br\/blog\/smart-cities\/\" target=\"_blank\" rel=\"noopener\">\u201ccidades inteligentes\u201d \u2013 ou smart cities<\/a><\/span> \u2013 apresenta-se cada vez mais necess\u00e1rio.<\/p>\n<p>As smart cities procuram sanar, entre outras quest\u00f5es das grandes cidades, os problemas de mobilidade urbana e suas consequ\u00eancias como aumento da polui\u00e7\u00e3o da atmosfera, sobrecarregamento do espa\u00e7o urbano, aumento do \u00edndice de acidentes e mortes no tr\u00e2nsito etc.<\/p>\n<blockquote>\n<p><span style=\"color: #808080;\">A utiliza\u00e7\u00e3o do sistema multimodal na modalidade urbana \u00e9 uma tend\u00eancia mundial no s\u00e9culo 21.<\/span><\/p>\n<\/blockquote>\n<h4><\/h4>\n<h4><strong>O que \u00e9 sistema multimodal?<\/strong><\/h4>\n<p>O termo ficou conhecido com o transporte multimodal de cargas, quando uma entrega de mercadorias \u00e9 realizada logisticamente, utilizando-se de v\u00e1rios meios de transporte terrestres, a\u00e9reos e aqu\u00e1ticos.<\/p>\n<p>A utiliza\u00e7\u00e3o do sistema multimodal na modalidade urbana \u00e9 uma tend\u00eancia mundial no s\u00e9culo 21. Ela \u00e9 a combina\u00e7\u00e3o da possibilidade de v\u00e1rias formas de transportes, atendendo, assim, \u00e0s necessidades de deslocamento das pessoas, dos pontos de origem aos de destino. A ideia \u00e9 diminuir as disparidades e ter um acesso mais igualit\u00e1rio ao transporte p\u00fablico, fazendo-o mais integrado e sustent\u00e1vel.<\/p>\n<p>\u00c9 f\u00e1cil entender os benef\u00edcios do multimodalismo. Imagine ir at\u00e9 o centro da cidade com uma bicicleta dispon\u00edvel no biciclet\u00e1rio do bairro Vinhedos e retornar dirigindo um carro compartilhado por aplicativo, por exemplo.<\/p>\n<h4><strong>Iniciativas<\/strong><\/h4>\n<p>Arquiteto \u00e0 frente do escrit\u00f3rio respons\u00e1vel pelo projeto do Bairro Vinhedos, <span style=\"color: #7d0e44;\"><a style=\"color: #7d0e44;\" href=\"https:\/\/vinhedoscuiaba.com.br\/blog\/entrevista-rother-arquitetura\/\" target=\"_blank\" rel=\"noopener\">Jhonny Rother<\/a><\/span> explica que em v\u00e1rias interven\u00e7\u00f5es urban\u00edsticas ao redor do mundo, o transporte por carro tem ficado em segundo plano em favor do uso de bicicletas na locomo\u00e7\u00e3o.<\/p>\n<p><img loading=\"lazy\" decoding=\"async\" class=\"aligncenter wp-image-14556 size-large\" src=\"https:\/\/vinhedoscuiaba.com.br\/blog\/wp-content\/uploads\/2021\/06\/iStock-1213439205-1024x683.jpg\" alt=\"\" width=\"1024\" height=\"683\" srcset=\"https:\/\/vinhedoscuiaba.com.br\/blog\/wp-content\/uploads\/2021\/06\/iStock-1213439205-1024x683.jpg 1024w, https:\/\/vinhedoscuiaba.com.br\/blog\/wp-content\/uploads\/2021\/06\/iStock-1213439205-300x200.jpg 300w, https:\/\/vinhedoscuiaba.com.br\/blog\/wp-content\/uploads\/2021\/06\/iStock-1213439205-768x512.jpg 768w, https:\/\/vinhedoscuiaba.com.br\/blog\/wp-content\/uploads\/2021\/06\/iStock-1213439205-580x387.jpg 580w, https:\/\/vinhedoscuiaba.com.br\/blog\/wp-content\/uploads\/2021\/06\/iStock-1213439205-860x573.jpg 860w, https:\/\/vinhedoscuiaba.com.br\/blog\/wp-content\/uploads\/2021\/06\/iStock-1213439205-1160x773.jpg 1160w, https:\/\/vinhedoscuiaba.com.br\/blog\/wp-content\/uploads\/2021\/06\/iStock-1213439205.jpg 1200w\" sizes=\"auto, (max-width: 1024px) 100vw, 1024px\" \/><\/p>\n<\/div>\n<\/div><\/div>\n<\/div>\n<\/div>\n<\/div>\n<\/div>\n<\/div>\n<div id=\"cmsmasters_row_32jc4k2wq\" class=\"cmsmasters_row cmsmasters_color_scheme_default cmsmasters_row_top_default cmsmasters_row_bot_default cmsmasters_row_boxed\">\n<div class=\"cmsmasters_row_outer_parent\">\n<div class=\"cmsmasters_row_outer\">\n<div class=\"cmsmasters_row_inner\">\n<div class=\"cmsmasters_row_margin\">\n<div id=\"cmsmasters_column_br9smukq7\" class=\"cmsmasters_column one_first\">\n<div class=\"cmsmasters_column_inner\"><div class=\"cmsmasters_text\">\n<p>\u201cTem muito a ver com a preocupa\u00e7\u00e3o com o meio ambiente, \u00e9 mais saud\u00e1vel, \u00e9 silenciosa, econ\u00f4mica, n\u00e3o gasta energia. Estes sistemas t\u00eam se proliferado em todos os pa\u00edses. S\u00e3o Paulo tamb\u00e9m est\u00e1 com diversas iniciativas, transformando as antigas pistas de caminhada, com compartilhamento de bicicleta, de patinete el\u00e9trico\u201d, ressalta.<\/p>\n<blockquote>\n<p><span style=\"color: #808080;\">Os aplicativos e a tecnologia ajudam muito. H\u00e1 cidades em que \u00e9 poss\u00edvel circular usando diferentes modais, pagando somente um ticket<\/span><\/p>\n<\/blockquote>\n<h4><strong>Desafios<\/strong><\/h4>\n<p>Rother analisa que h\u00e1 grandes desafios na cria\u00e7\u00e3o de sistemas de integra\u00e7\u00e3o multimodais, com a disposi\u00e7\u00e3o destas ferramentas de forma equilibrada e inteligente para o cidad\u00e3o. \u201cOs aplicativos e a tecnologia ajudam muito. H\u00e1 cidades em que \u00e9 poss\u00edvel circular usando diferentes modais, pagando somente um ticket\u201d, explica.<\/p>\n<p>Ele tamb\u00e9m destaca as complexidades de cada cidade para a implementa\u00e7\u00e3o do sistema multimodal, com solu\u00e7\u00f5es urban\u00edsticas que variam muito, com a influ\u00eancia de quest\u00f5es como topografia e temperatura.<\/p>\n<p>\u201cEm Cuiab\u00e1, por exemplo, n\u00f3s temos um calor muito forte. Quando pensamos numa ciclovia, numa ciclofaixa ou num passeio para o pedestre, \u00e9 necess\u00e1rio, juntamente, pensar a quest\u00e3o do paisagismo, para que possamos garantir a melhor qualidade para quem estar\u00e1 naquele sistema de transporte\u201d, afirma o arquiteto.<\/p>\n<h4><strong>Mudan\u00e7a necess\u00e1ria<\/strong><\/h4>\n<p>O problema do transporte urbano atinge boa parte da popula\u00e7\u00e3o. De tal modo que, segundo a pesquisa <span style=\"color: #7d0e44;\"><a style=\"color: #7d0e44;\" href=\"https:\/\/www.ntu.org.br\/novo\/upload\/Publicacao\/Pub636397002002520031.pdf\" target=\"_blank\" rel=\"noopener\">\u201cMobilidade da Popula\u00e7\u00e3o Urbana\u201d<\/a><\/span> (dispon\u00edvel no link), da Confedera\u00e7\u00e3o Nacional do Transporte e Associa\u00e7\u00e3o Nacional das Empresas de Transportes Urbanos, o assunto da mobilidade urbana \u00e9 visto como o quarto mais necess\u00e1rio a ser resolvido pelos moradores das grandes cidades, atr\u00e1s apenas de seguran\u00e7a, sa\u00fade e desemprego.<\/p>\n<\/div>\n<\/div><\/div>\n<\/div>\n<\/div>\n<\/div>\n<\/div>\n<\/div>\n\n","protected":false},"excerpt":{"rendered":"<p>Com implanta\u00e7\u00e3o de smart cities, esquema integrado e sustent\u00e1vel de transporte, atende \u00e0s necessidades de deslocamento da popula\u00e7\u00e3o<\/p>\n","protected":false},"author":3,"featured_media":14552,"comment_status":"closed","ping_status":"open","sticky":false,"template":"","format":"standard","meta":{"footnotes":""},"categories":[35],"tags":[78,75,77,76],"class_list":["post-14506","post","type-post","status-publish","format-standard","has-post-thumbnail","hentry","category-urbanismo","tag-bicicleta","tag-ciclovia","tag-transportealternativo","tag-vida-saudavel"],"yoast_head":"<!-- This site is optimized with the Yoast SEO plugin v20.10 - https:\/\/yoast.com\/wordpress\/plugins\/seo\/ -->\n<title>Mobilidade urbana tem sistema multimodal como solu\u00e7\u00e3o | Blog Vinhedos<\/title>\n<meta name=\"description\" content=\"Com implanta\u00e7\u00e3o de smart cities, objetivo \u00e9 fazer esquema integrado e sustent\u00e1vel de transporte, atendendo \u00e0s necessidades de deslocamento da popula\u00e7\u00e3o\" \/>\n<meta name=\"robots\" content=\"index, follow, max-snippet:-1, max-image-preview:large, max-video-preview:-1\" \/>\n<link rel=\"canonical\" href=\"https:\/\/vinhedoscuiaba.com.br\/blog\/sistema-multimodal\/\" \/>\n<meta property=\"og:locale\" content=\"pt_BR\" \/>\n<meta property=\"og:type\" content=\"article\" \/>\n<meta property=\"og:title\" content=\"Mobilidade urbana tem sistema multimodal como solu\u00e7\u00e3o | Blog Vinhedos\" \/>\n<meta property=\"og:description\" content=\"Com implanta\u00e7\u00e3o de smart cities, objetivo \u00e9 fazer esquema integrado e sustent\u00e1vel de transporte, atendendo \u00e0s necessidades de deslocamento da popula\u00e7\u00e3o\" \/>\n<meta property=\"og:url\" content=\"https:\/\/vinhedoscuiaba.com.br\/blog\/sistema-multimodal\/\" \/>\n<meta property=\"og:site_name\" content=\"Blog Vinhedos\" \/>\n<meta property=\"article:publisher\" content=\"https:\/\/www.facebook.com\/vinhedoscuiaba\" \/>\n<meta property=\"article:published_time\" content=\"2021-06-21T18:18:39+00:00\" \/>\n<meta property=\"article:modified_time\" content=\"2021-06-29T14:00:26+00:00\" \/>\n<meta property=\"og:image\" content=\"https:\/\/vinhedoscuiaba.com.br\/blog\/wp-content\/uploads\/2021\/06\/iStock-1165199399.jpg\" \/>\n\t<meta property=\"og:image:width\" content=\"1200\" \/>\n\t<meta property=\"og:image:height\" content=\"767\" \/>\n\t<meta property=\"og:image:type\" content=\"image\/jpeg\" \/>\n<meta name=\"author\" content=\"maria_isabel\" \/>\n<meta name=\"twitter:card\" content=\"summary_large_image\" \/>\n<meta name=\"twitter:label1\" content=\"Escrito por\" \/>\n\t<meta name=\"twitter:data1\" content=\"maria_isabel\" \/>\n\t<meta name=\"twitter:label2\" content=\"Est. tempo de leitura\" \/>\n\t<meta name=\"twitter:data2\" content=\"4 minutos\" \/>\n<script type=\"application\/ld+json\" class=\"yoast-schema-graph\">{\"@context\":\"https:\/\/schema.org\",\"@graph\":[{\"@type\":\"Article\",\"@id\":\"https:\/\/vinhedoscuiaba.com.br\/blog\/sistema-multimodal\/#article\",\"isPartOf\":{\"@id\":\"https:\/\/vinhedoscuiaba.com.br\/blog\/sistema-multimodal\/\"},\"author\":{\"name\":\"maria_isabel\",\"@id\":\"https:\/\/vinhedoscuiaba.com.br\/blog\/#\/schema\/person\/cbc811ff0fbdad8a5fe1da85d5ef72db\"},\"headline\":\"Mobilidade urbana tem sistema multimodal como solu\u00e7\u00e3o\",\"datePublished\":\"2021-06-21T18:18:39+00:00\",\"dateModified\":\"2021-06-29T14:00:26+00:00\",\"mainEntityOfPage\":{\"@id\":\"https:\/\/vinhedoscuiaba.com.br\/blog\/sistema-multimodal\/\"},\"wordCount\":991,\"publisher\":{\"@id\":\"https:\/\/vinhedoscuiaba.com.br\/blog\/#organization\"},\"keywords\":[\"bicicleta\",\"ciclovia\",\"transporte alternativo\",\"vida saudavel\"],\"articleSection\":[\"Urbanismo\"],\"inLanguage\":\"pt-BR\"},{\"@type\":\"WebPage\",\"@id\":\"https:\/\/vinhedoscuiaba.com.br\/blog\/sistema-multimodal\/\",\"url\":\"https:\/\/vinhedoscuiaba.com.br\/blog\/sistema-multimodal\/\",\"name\":\"Mobilidade urbana tem sistema multimodal como solu\u00e7\u00e3o | Blog Vinhedos\",\"isPartOf\":{\"@id\":\"https:\/\/vinhedoscuiaba.com.br\/blog\/#website\"},\"datePublished\":\"2021-06-21T18:18:39+00:00\",\"dateModified\":\"2021-06-29T14:00:26+00:00\",\"description\":\"Com implanta\u00e7\u00e3o de smart cities, objetivo \u00e9 fazer esquema integrado e sustent\u00e1vel de transporte, atendendo \u00e0s necessidades de deslocamento da popula\u00e7\u00e3o\",\"breadcrumb\":{\"@id\":\"https:\/\/vinhedoscuiaba.com.br\/blog\/sistema-multimodal\/#breadcrumb\"},\"inLanguage\":\"pt-BR\",\"potentialAction\":[{\"@type\":\"ReadAction\",\"target\":[\"https:\/\/vinhedoscuiaba.com.br\/blog\/sistema-multimodal\/\"]}]},{\"@type\":\"BreadcrumbList\",\"@id\":\"https:\/\/vinhedoscuiaba.com.br\/blog\/sistema-multimodal\/#breadcrumb\",\"itemListElement\":[{\"@type\":\"ListItem\",\"position\":1,\"name\":\"Home\",\"item\":\"https:\/\/vinhedoscuiaba.com.br\/blog\/\"},{\"@type\":\"ListItem\",\"position\":2,\"name\":\"Mobilidade urbana tem sistema multimodal como solu\u00e7\u00e3o\"}]},{\"@type\":\"WebSite\",\"@id\":\"https:\/\/vinhedoscuiaba.com.br\/blog\/#website\",\"url\":\"https:\/\/vinhedoscuiaba.com.br\/blog\/\",\"name\":\"Blog Vinhedos\",\"description\":\"O Melhor Bairro na Regi\u00e3o do Santa Rosa\",\"publisher\":{\"@id\":\"https:\/\/vinhedoscuiaba.com.br\/blog\/#organization\"},\"potentialAction\":[{\"@type\":\"SearchAction\",\"target\":{\"@type\":\"EntryPoint\",\"urlTemplate\":\"https:\/\/vinhedoscuiaba.com.br\/blog\/?s={search_term_string}\"},\"query-input\":\"required name=search_term_string\"}],\"inLanguage\":\"pt-BR\"},{\"@type\":\"Organization\",\"@id\":\"https:\/\/vinhedoscuiaba.com.br\/blog\/#organization\",\"name\":\"Abitte Urbanismo\",\"url\":\"https:\/\/vinhedoscuiaba.com.br\/blog\/\",\"logo\":{\"@type\":\"ImageObject\",\"inLanguage\":\"pt-BR\",\"@id\":\"https:\/\/vinhedoscuiaba.com.br\/blog\/#\/schema\/logo\/image\/\",\"url\":\"https:\/\/vinhedoscuiaba.com.br\/blog\/wp-content\/uploads\/2021\/06\/abitte.png\",\"contentUrl\":\"https:\/\/vinhedoscuiaba.com.br\/blog\/wp-content\/uploads\/2021\/06\/abitte.png\",\"width\":153,\"height\":54,\"caption\":\"Abitte Urbanismo\"},\"image\":{\"@id\":\"https:\/\/vinhedoscuiaba.com.br\/blog\/#\/schema\/logo\/image\/\"},\"sameAs\":[\"https:\/\/www.facebook.com\/vinhedoscuiaba\",\"https:\/\/www.instagram.com\/vinhedoscuiaba\/\",\"https:\/\/www.youtube.com\/channel\/UCOSO5ETtBV3uPVlckHQotyg\"]},{\"@type\":\"Person\",\"@id\":\"https:\/\/vinhedoscuiaba.com.br\/blog\/#\/schema\/person\/cbc811ff0fbdad8a5fe1da85d5ef72db\",\"name\":\"maria_isabel\",\"image\":{\"@type\":\"ImageObject\",\"inLanguage\":\"pt-BR\",\"@id\":\"https:\/\/vinhedoscuiaba.com.br\/blog\/#\/schema\/person\/image\/\",\"url\":\"https:\/\/secure.gravatar.com\/avatar\/2895837f231008192e99c7bcbfde43f6dbbd82fcdbf6d87f83e91afbd188c5ac?s=96&d=mm&r=g\",\"contentUrl\":\"https:\/\/secure.gravatar.com\/avatar\/2895837f231008192e99c7bcbfde43f6dbbd82fcdbf6d87f83e91afbd188c5ac?s=96&d=mm&r=g\",\"caption\":\"maria_isabel\"}}]}<\/script>\n<!-- \/ Yoast SEO plugin. -->","yoast_head_json":{"title":"Mobilidade urbana tem sistema multimodal como solu\u00e7\u00e3o | Blog Vinhedos","description":"Com implanta\u00e7\u00e3o de smart cities, objetivo \u00e9 fazer esquema integrado e sustent\u00e1vel de transporte, atendendo \u00e0s necessidades de deslocamento da popula\u00e7\u00e3o","robots":{"index":"index","follow":"follow","max-snippet":"max-snippet:-1","max-image-preview":"max-image-preview:large","max-video-preview":"max-video-preview:-1"},"canonical":"https:\/\/vinhedoscuiaba.com.br\/blog\/sistema-multimodal\/","og_locale":"pt_BR","og_type":"article","og_title":"Mobilidade urbana tem sistema multimodal como solu\u00e7\u00e3o | Blog Vinhedos","og_description":"Com implanta\u00e7\u00e3o de smart cities, objetivo \u00e9 fazer esquema integrado e sustent\u00e1vel de transporte, atendendo \u00e0s necessidades de deslocamento da popula\u00e7\u00e3o","og_url":"https:\/\/vinhedoscuiaba.com.br\/blog\/sistema-multimodal\/","og_site_name":"Blog Vinhedos","article_publisher":"https:\/\/www.facebook.com\/vinhedoscuiaba","article_published_time":"2021-06-21T18:18:39+00:00","article_modified_time":"2021-06-29T14:00:26+00:00","og_image":[{"width":1200,"height":767,"url":"https:\/\/vinhedoscuiaba.com.br\/blog\/wp-content\/uploads\/2021\/06\/iStock-1165199399.jpg","type":"image\/jpeg"}],"author":"maria_isabel","twitter_card":"summary_large_image","twitter_misc":{"Escrito por":"maria_isabel","Est. tempo de leitura":"4 minutos"},"schema":{"@context":"https:\/\/schema.org","@graph":[{"@type":"Article","@id":"https:\/\/vinhedoscuiaba.com.br\/blog\/sistema-multimodal\/#article","isPartOf":{"@id":"https:\/\/vinhedoscuiaba.com.br\/blog\/sistema-multimodal\/"},"author":{"name":"maria_isabel","@id":"https:\/\/vinhedoscuiaba.com.br\/blog\/#\/schema\/person\/cbc811ff0fbdad8a5fe1da85d5ef72db"},"headline":"Mobilidade urbana tem sistema multimodal como solu\u00e7\u00e3o","datePublished":"2021-06-21T18:18:39+00:00","dateModified":"2021-06-29T14:00:26+00:00","mainEntityOfPage":{"@id":"https:\/\/vinhedoscuiaba.com.br\/blog\/sistema-multimodal\/"},"wordCount":991,"publisher":{"@id":"https:\/\/vinhedoscuiaba.com.br\/blog\/#organization"},"keywords":["bicicleta","ciclovia","transporte alternativo","vida saudavel"],"articleSection":["Urbanismo"],"inLanguage":"pt-BR"},{"@type":"WebPage","@id":"https:\/\/vinhedoscuiaba.com.br\/blog\/sistema-multimodal\/","url":"https:\/\/vinhedoscuiaba.com.br\/blog\/sistema-multimodal\/","name":"Mobilidade urbana tem sistema multimodal como solu\u00e7\u00e3o | Blog Vinhedos","isPartOf":{"@id":"https:\/\/vinhedoscuiaba.com.br\/blog\/#website"},"datePublished":"2021-06-21T18:18:39+00:00","dateModified":"2021-06-29T14:00:26+00:00","description":"Com implanta\u00e7\u00e3o de smart cities, objetivo \u00e9 fazer esquema integrado e sustent\u00e1vel de transporte, atendendo \u00e0s necessidades de deslocamento da popula\u00e7\u00e3o","breadcrumb":{"@id":"https:\/\/vinhedoscuiaba.com.br\/blog\/sistema-multimodal\/#breadcrumb"},"inLanguage":"pt-BR","potentialAction":[{"@type":"ReadAction","target":["https:\/\/vinhedoscuiaba.com.br\/blog\/sistema-multimodal\/"]}]},{"@type":"BreadcrumbList","@id":"https:\/\/vinhedoscuiaba.com.br\/blog\/sistema-multimodal\/#breadcrumb","itemListElement":[{"@type":"ListItem","position":1,"name":"Home","item":"https:\/\/vinhedoscuiaba.com.br\/blog\/"},{"@type":"ListItem","position":2,"name":"Mobilidade urbana tem sistema multimodal como solu\u00e7\u00e3o"}]},{"@type":"WebSite","@id":"https:\/\/vinhedoscuiaba.com.br\/blog\/#website","url":"https:\/\/vinhedoscuiaba.com.br\/blog\/","name":"Blog Vinhedos","description":"O Melhor Bairro na Regi\u00e3o do Santa Rosa","publisher":{"@id":"https:\/\/vinhedoscuiaba.com.br\/blog\/#organization"},"potentialAction":[{"@type":"SearchAction","target":{"@type":"EntryPoint","urlTemplate":"https:\/\/vinhedoscuiaba.com.br\/blog\/?s={search_term_string}"},"query-input":"required name=search_term_string"}],"inLanguage":"pt-BR"},{"@type":"Organization","@id":"https:\/\/vinhedoscuiaba.com.br\/blog\/#organization","name":"Abitte Urbanismo","url":"https:\/\/vinhedoscuiaba.com.br\/blog\/","logo":{"@type":"ImageObject","inLanguage":"pt-BR","@id":"https:\/\/vinhedoscuiaba.com.br\/blog\/#\/schema\/logo\/image\/","url":"https:\/\/vinhedoscuiaba.com.br\/blog\/wp-content\/uploads\/2021\/06\/abitte.png","contentUrl":"https:\/\/vinhedoscuiaba.com.br\/blog\/wp-content\/uploads\/2021\/06\/abitte.png","width":153,"height":54,"caption":"Abitte Urbanismo"},"image":{"@id":"https:\/\/vinhedoscuiaba.com.br\/blog\/#\/schema\/logo\/image\/"},"sameAs":["https:\/\/www.facebook.com\/vinhedoscuiaba","https:\/\/www.instagram.com\/vinhedoscuiaba\/","https:\/\/www.youtube.com\/channel\/UCOSO5ETtBV3uPVlckHQotyg"]},{"@type":"Person","@id":"https:\/\/vinhedoscuiaba.com.br\/blog\/#\/schema\/person\/cbc811ff0fbdad8a5fe1da85d5ef72db","name":"maria_isabel","image":{"@type":"ImageObject","inLanguage":"pt-BR","@id":"https:\/\/vinhedoscuiaba.com.br\/blog\/#\/schema\/person\/image\/","url":"https:\/\/secure.gravatar.com\/avatar\/2895837f231008192e99c7bcbfde43f6dbbd82fcdbf6d87f83e91afbd188c5ac?s=96&d=mm&r=g","contentUrl":"https:\/\/secure.gravatar.com\/avatar\/2895837f231008192e99c7bcbfde43f6dbbd82fcdbf6d87f83e91afbd188c5ac?s=96&d=mm&r=g","caption":"maria_isabel"}}]}},"_links":{"self":[{"href":"https:\/\/vinhedoscuiaba.com.br\/blog\/wp-json\/wp\/v2\/posts\/14506","targetHints":{"allow":["GET"]}}],"collection":[{"href":"https:\/\/vinhedoscuiaba.com.br\/blog\/wp-json\/wp\/v2\/posts"}],"about":[{"href":"https:\/\/vinhedoscuiaba.com.br\/blog\/wp-json\/wp\/v2\/types\/post"}],"author":[{"embeddable":true,"href":"https:\/\/vinhedoscuiaba.com.br\/blog\/wp-json\/wp\/v2\/users\/3"}],"replies":[{"embeddable":true,"href":"https:\/\/vinhedoscuiaba.com.br\/blog\/wp-json\/wp\/v2\/comments?post=14506"}],"version-history":[{"count":0,"href":"https:\/\/vinhedoscuiaba.com.br\/blog\/wp-json\/wp\/v2\/posts\/14506\/revisions"}],"wp:featuredmedia":[{"embeddable":true,"href":"https:\/\/vinhedoscuiaba.com.br\/blog\/wp-json\/wp\/v2\/media\/14552"}],"wp:attachment":[{"href":"https:\/\/vinhedoscuiaba.com.br\/blog\/wp-json\/wp\/v2\/media?parent=14506"}],"wp:term":[{"taxonomy":"category","embeddable":true,"href":"https:\/\/vinhedoscuiaba.com.br\/blog\/wp-json\/wp\/v2\/categories?post=14506"},{"taxonomy":"post_tag","embeddable":true,"href":"https:\/\/vinhedoscuiaba.com.br\/blog\/wp-json\/wp\/v2\/tags?post=14506"}],"curies":[{"name":"wp","href":"https:\/\/api.w.org\/{rel}","templated":true}]}}