{"id":15256,"date":"2021-09-02T17:20:00","date_gmt":"2021-09-02T20:20:00","guid":{"rendered":"https:\/\/vinhedoscuiaba.com.br\/blog\/?p=15256"},"modified":"2023-05-30T14:12:52","modified_gmt":"2023-05-30T17:12:52","slug":"aquecimento-do-mercado-imobiliario-de-cuiaba","status":"publish","type":"post","link":"https:\/\/vinhedoscuiaba.com.br\/blog\/aquecimento-do-mercado-imobiliario-de-cuiaba\/","title":{"rendered":"Aquecimento do mercado imobili\u00e1rio de Cuiab\u00e1"},"content":{"rendered":"<div id=\"cmsmasters_row_apbxt1iyuo\" class=\"cmsmasters_row cmsmasters_color_scheme_default cmsmasters_row_top_default cmsmasters_row_bot_default cmsmasters_row_boxed\">\n<div class=\"cmsmasters_row_outer_parent\">\n<div class=\"cmsmasters_row_outer\">\n<div class=\"cmsmasters_row_inner\">\n<div class=\"cmsmasters_row_margin\">\n<div id=\"cmsmasters_column_0k6uz51oeh\" class=\"cmsmasters_column one_first\">\n<div class=\"cmsmasters_column_inner\"><div class=\"cmsmasters_text\">\n<h3>As vendas de im\u00f3veis na capital de Mato Grosso, no primeiro trimestre de 2021, atingiram o melhor \u00edndice do setor imobili\u00e1rio nos \u00faltimos cinco anos<\/h3>\n<\/div>\n<div id=\"cmsmasters_divider_x9cjmg4s7j\" class=\"cmsmasters_divider cmsmasters_divider_width_long cmsmasters_divider_pos_center\"><\/div>\n<\/div><\/div>\n<\/div>\n<\/div>\n<\/div>\n<\/div>\n<\/div>\n<div id=\"cmsmasters_row_gbmaf4i8p8\" class=\"cmsmasters_row cmsmasters_color_scheme_default cmsmasters_row_top_default cmsmasters_row_bot_default cmsmasters_row_boxed\">\n<div class=\"cmsmasters_row_outer_parent\">\n<div class=\"cmsmasters_row_outer\">\n<div class=\"cmsmasters_row_inner\">\n<div class=\"cmsmasters_row_margin\">\n<div id=\"cmsmasters_column_03i2b352t7\" class=\"cmsmasters_column one_first\">\n<div class=\"cmsmasters_column_inner\"><div class=\"cmsmasters_text\">\n<p>Mesmo diante da pandemia de Covid-19, o mercado imobili\u00e1rio de Cuiab\u00e1, em 2020, manteve-se a todo vapor, com 3,2 bilh\u00f5es transacionados. Somente no \u00faltimo trimestre do ano, um levantamento feito pelo <span style=\"color: #993366;\"><a style=\"color: #993366;\" href=\"http:\/\/secovimt.com.br\/\" target=\"_blank\" rel=\"noopener\">Sindicato da Habita\u00e7\u00e3o de Mato Grosso (Secovi-MT)<\/a><\/span>, filiado ao Fecom\u00e9rcio-MT, demonstrou que foi registrada uma movimenta\u00e7\u00e3o financeira de cerca de R$ 1,1 bilh\u00e3o, fechando o ano com um fluxo significativo.<\/p>\n<p>Influenciado pela queda na taxa de juros (Selic), que refletiu na queda das taxas de juros de financiamento \u2013 atualmente, as taxas imobili\u00e1rias s\u00e3o as mais baixas da hist\u00f3ria \u2013, o destaque ficou para os valores financiados, de R$ 737,5 milh\u00f5es, uma alta de 29,6% em rela\u00e7\u00e3o a 2019 (R$ 518,9 milh\u00f5es) e de 61,5% se comparado a 2015, quando somou 456,6 milh\u00f5es de reais em financiamento.<\/p>\n<p>Em rela\u00e7\u00e3o ao n\u00famero de unidades vendidas no ano passado, foram 9.383 im\u00f3veis, entre novos e usados, o que implica em um aumento de 8,9% em rela\u00e7\u00e3o a 2019. As regi\u00f5es mais requisitadas foram a Leste, com 3.108 unidades vendidas, e a Oeste, com 2.795.<\/p>\n<p>Todos estes fatores facilitadores aliados \u00e0 alta demanda influenciaram as construtoras a lan\u00e7ar e a impulsionar empreendimentos. Somente em 2020, foram lan\u00e7ados quase 20 novos empreendimentos imobili\u00e1rios na capital Cuiab\u00e1, sendo que \u00e9 poss\u00edvel notar uma movimenta\u00e7\u00e3o maior na compra de lotes e casas em condom\u00ednio fechado e de apartamentos.<\/p>\n<p><img loading=\"lazy\" decoding=\"async\" class=\"aligncenter size-full wp-image-15263\" src=\"https:\/\/vinhedoscuiaba.com.br\/blog\/wp-content\/uploads\/2021\/09\/iStock-1181134074.jpg\" alt=\"\" width=\"1200\" height=\"675\" srcset=\"https:\/\/vinhedoscuiaba.com.br\/blog\/wp-content\/uploads\/2021\/09\/iStock-1181134074.jpg 1200w, https:\/\/vinhedoscuiaba.com.br\/blog\/wp-content\/uploads\/2021\/09\/iStock-1181134074-300x169.jpg 300w, https:\/\/vinhedoscuiaba.com.br\/blog\/wp-content\/uploads\/2021\/09\/iStock-1181134074-1024x576.jpg 1024w, https:\/\/vinhedoscuiaba.com.br\/blog\/wp-content\/uploads\/2021\/09\/iStock-1181134074-768x432.jpg 768w, https:\/\/vinhedoscuiaba.com.br\/blog\/wp-content\/uploads\/2021\/09\/iStock-1181134074-580x326.jpg 580w, https:\/\/vinhedoscuiaba.com.br\/blog\/wp-content\/uploads\/2021\/09\/iStock-1181134074-860x484.jpg 860w, https:\/\/vinhedoscuiaba.com.br\/blog\/wp-content\/uploads\/2021\/09\/iStock-1181134074-1160x653.jpg 1160w\" sizes=\"auto, (max-width: 1200px) 100vw, 1200px\" \/><\/p>\n<h4><strong>Mercado imobili\u00e1rio de Cuiab\u00e1 se reergueu<\/strong><\/h4>\n<p>O ano de 2021 tamb\u00e9m come\u00e7ou bombando na capital mato-grossense no que se refere ao mercado imobili\u00e1rio. Apenas no primeiro trimestre, a venda de im\u00f3veis em Cuiab\u00e1 teve um aumento de 48% em compara\u00e7\u00e3o a 2020. Foram 2.782 unidades vendidas, entre casas e apartamentos, novos e usados, nos primeiros tr\u00eas meses deste ano, contra 1.874 unidades, no mesmo per\u00edodo do ano passado. Segundo o Secovi de Mato Grosso, este \u00e9 o maior \u00edndice do setor nos \u00faltimos cinco anos.<\/p>\n<p>Para explicar este avan\u00e7o, mesmo em uma situa\u00e7\u00e3o delicada de crise de sa\u00fade p\u00fablica e financeira com a qual estamos enfrentando, \u00e9 preciso uma an\u00e1lise de anos atr\u00e1s, e n\u00e3o apenas do momento, segundo o presidente do Sindicato da Habita\u00e7\u00e3o, Marco Pessoz. \u201cDesde 2015, o mercado imobili\u00e1rio estava em desacelera\u00e7\u00e3o, muitos projetos sendo cancelados, pa\u00eds em crise, taxa de juros alta, infla\u00e7\u00e3o alta.Condi\u00e7\u00f5es macroecon\u00f4micas s\u00e3o fundamentais para o setor imobili\u00e1rio, foi o que ocorreu a partir de 2019, com a aprova\u00e7\u00e3o da reforma da Previd\u00eancia, confian\u00e7a subindo, juros descendo, o mercado que estava represado voltou.\u201d<\/p>\n<p>No final deste semestre, temos observado lan\u00e7amentos de alto padr\u00e3o na capital de Mato Grosso. Sobre o aumento da busca por casas em condom\u00ednios, a pandemia tamb\u00e9m pode ter uma parcela de contribui\u00e7\u00e3o para isso. \u201cA pandemia gerou em muitas fam\u00edlias uma situa\u00e7\u00e3o de dificuldade muito grande, principalmente para quem tem filhos pequenos a jovens, a necessidade de espa\u00e7o foi vis\u00edvel na maioria das fam\u00edlias. Trabalho em casa, home-office exige espa\u00e7os apropriados, tudo isso fez com que muita gente fosse buscar em lotes e em casas todas essas necessidades\u201d, explica Pessoz.<\/p>\n<p>Ou seja, a pandemia nos fez repensar os conceitos de moradia, dando mais valor \u00e0 qualidade de vida, o que envolve prezar por im\u00f3veis com \u00e1reas de lazer externas, como quadras para pr\u00e1ticas de esporte, piscinas, parquinhos etc., o que \u00e9 crucial principalmente para fam\u00edlias com crian\u00e7as, neste per\u00edodo que tem se passado tanto tempo em casa. Assim como \u00e9 necess\u00e1rio um lugar sossegado que forne\u00e7a comodidade para a jornada de trabalho, visto que o home-office se tornou a alternativa para muitos trabalhadores. Tudo isso, aliado \u00e0 seguran\u00e7a que um condom\u00ednio pode proporcionar, torna-se um grande chamariz.<\/p>\n<p><img loading=\"lazy\" decoding=\"async\" class=\"aligncenter size-full wp-image-15264\" src=\"https:\/\/vinhedoscuiaba.com.br\/blog\/wp-content\/uploads\/2021\/09\/iStock-546770038.jpg\" alt=\"\" width=\"1200\" height=\"801\" srcset=\"https:\/\/vinhedoscuiaba.com.br\/blog\/wp-content\/uploads\/2021\/09\/iStock-546770038.jpg 1200w, https:\/\/vinhedoscuiaba.com.br\/blog\/wp-content\/uploads\/2021\/09\/iStock-546770038-300x200.jpg 300w, https:\/\/vinhedoscuiaba.com.br\/blog\/wp-content\/uploads\/2021\/09\/iStock-546770038-1024x684.jpg 1024w, https:\/\/vinhedoscuiaba.com.br\/blog\/wp-content\/uploads\/2021\/09\/iStock-546770038-768x513.jpg 768w, https:\/\/vinhedoscuiaba.com.br\/blog\/wp-content\/uploads\/2021\/09\/iStock-546770038-580x387.jpg 580w, https:\/\/vinhedoscuiaba.com.br\/blog\/wp-content\/uploads\/2021\/09\/iStock-546770038-860x574.jpg 860w, https:\/\/vinhedoscuiaba.com.br\/blog\/wp-content\/uploads\/2021\/09\/iStock-546770038-1160x774.jpg 1160w\" sizes=\"auto, (max-width: 1200px) 100vw, 1200px\" \/><\/p>\n<h4><strong>Bairro Vinhedos aliado \u00e0s expectativas do novo conceito de moradia<\/strong><\/h4>\n<p>Al\u00e9m disso, os empreendimentos residenciais de alto padr\u00e3o t\u00eam se dispersado para \u00e1reas integradas \u00e0 natureza, como \u00e9 o caso do bairro<span style=\"color: #993366;\"> <a style=\"color: #993366;\" href=\"https:\/\/vinhedoscuiaba.com.br\/\" target=\"_blank\" rel=\"noopener\">Vinhedos<\/a><\/span>, na regi\u00e3o do Santa Rosa. Distante dos agitos da \u00e1rea central, mas sem deixar de lado a praticidade e facilidades do cotidiano, pr\u00f3ximo a equipamentos urban\u00edsticos como supermercado, hospital e shopping center, e o melhor, com uma <a href=\"https:\/\/vinhedoscuiaba.com.br\/blog\/os-beneficios-das-areas-verdes-em-meio-a-urbanizacao\/\" target=\"_blank\" rel=\"noopener\"><span style=\"color: #993366;\">\u00e1rea verde<\/span><\/a> de mais de 2, 6 milh\u00f5es de m2, o Vinhedos \u00e9 o primeiro bairro planejado da regi\u00e3o do Santa Rosa, pensado nos conceitos de uma<span style=\"color: #993366;\"> <a style=\"color: #993366;\" href=\"https:\/\/vinhedoscuiaba.com.br\/blog\/smart-cities\/\" target=\"_blank\" rel=\"noopener\">Smart City<\/a><\/span>, aliando tecnologia, sustentabilidade e muito ar fresco em um s\u00f3 lugar.<\/p>\n<p>Com muito espa\u00e7o para lazer, o Vinhedos conta com:<\/p>\n<p>\u2022 <span style=\"color: #993366;\"><a style=\"color: #993366;\" href=\"https:\/\/vinhedoscuiaba.com.br\/blog\/beach-tennis-ganha-praticantes\/\" target=\"_blank\" rel=\"noopener\">Quadra de Beach Tennis<\/a><\/span><br \/>\n\u2022<span style=\"color: #993366;\"><a style=\"color: #993366;\" href=\"https:\/\/vinhedoscuiaba.com.br\/blog\/exercicios-fisicos-garantem-saude\/\" target=\"_blank\" rel=\"noopener\"> Espa\u00e7o de Gin\u00e1stica<\/a><\/span><br \/>\n\u2022 Pista de Skate e <span style=\"color: #993366;\"><a style=\"color: #993366;\" href=\"https:\/\/vinhedoscuiaba.com.br\/blog\/patinacaosobrerodas\/\" target=\"_blank\" rel=\"noopener\">Patins<\/a><\/span><\/p>\n<p>E para se reconectar com a natureza, o bairro oferece:<\/p>\n<p>\u2022<span style=\"color: #993366;\"><a style=\"color: #993366;\" href=\"https:\/\/vinhedoscuiaba.com.br\/blog\/jardim-de-luxemburgo\/\" target=\"_blank\" rel=\"noopener\"> Jardim Franc\u00eas<\/a><\/span><br \/>\n\u2022 <span style=\"color: #993366;\"><a style=\"color: #993366;\" href=\"https:\/\/vinhedoscuiaba.com.br\/blog\/jardim-de-luxemburgo\/\" target=\"_blank\" rel=\"noopener\">Jardim Bot\u00e2nico<\/a><\/span><br \/>\n\u2022 <span style=\"color: #993366;\"><a style=\"color: #993366;\" href=\"https:\/\/vinhedoscuiaba.com.br\/blog\/trilhas-para-mountain-bike\/\" target=\"_blank\" rel=\"noopener\">Trilha de bike<\/a><\/span><\/p>\n<p>Sem contar em outros diferenciais como um <span style=\"color: #993366;\"><a style=\"color: #993366;\" href=\"https:\/\/vinhedoscuiaba.com.br\/blog\/coleta-seletiva-de-residuos-solidos\/\" target=\"_blank\" rel=\"noopener\">sistema inovador de coleta de lixo<\/a><\/span>, Wi-Fi em \u00e1reas comuns para voc\u00ea n\u00e3o precisar ficar trancado trabalhando do escrit\u00f3rio de casa, <span style=\"color: #993366;\"><a style=\"color: #993366;\" href=\"https:\/\/vinhedoscuiaba.com.br\/blog\/acessibilidadebairrovinhedos\/\" target=\"_blank\" rel=\"noopener\">acessibilidade universal<\/a><\/span>\u00a0e muito mais.<\/p>\n<p>Tudo isso, protegendo voc\u00ea e sua fam\u00edlia com um<span style=\"color: #993366;\"> <a style=\"color: #993366;\" href=\"https:\/\/vinhedoscuiaba.com.br\/blog\/smart-cities-poderosa-arma-contra-a-violencia\/\" target=\"_blank\" rel=\"noopener\">sistema de seguran\u00e7a<\/a><\/span> digno de Smart City. O Vinhedos \u00e9 ou n\u00e3o um novo conceito de moradia pensado para a qualidade de vida?<\/p>\n<p>O ano ainda n\u00e3o terminou e o mercado imobili\u00e1rio cuiabano segue apenas se aquecendo. Segundo o \u00faltimo levantamento do Secovi-MT, no<span style=\"color: #993366;\"> <a style=\"color: #993366;\" href=\"https:\/\/g1.globo.com\/mt\/mato-grosso\/noticia\/2021\/07\/28\/vendas-de-imoveis-em-cuiaba-aumentam-667percent-no-2o-trimestre-deste-ano-e-movimentam-mais-de-r-1-bilhao.ghtml\" target=\"_blank\" rel=\"noopener\">segundo trimestre<\/a><\/span> do ano (entre abril e junho), o setor movimentou R$ 1,8 bilh\u00e3o, o que representa um aumento de 66,7 % em compara\u00e7\u00e3o ao mesmo per\u00edodo avaliado do ano passado.<\/p>\n<p><img loading=\"lazy\" decoding=\"async\" class=\"aligncenter size-full wp-image-15266\" src=\"https:\/\/vinhedoscuiaba.com.br\/blog\/wp-content\/uploads\/2021\/09\/iStock-1001996836.jpg\" alt=\"\" width=\"1200\" height=\"800\" srcset=\"https:\/\/vinhedoscuiaba.com.br\/blog\/wp-content\/uploads\/2021\/09\/iStock-1001996836.jpg 1200w, https:\/\/vinhedoscuiaba.com.br\/blog\/wp-content\/uploads\/2021\/09\/iStock-1001996836-300x200.jpg 300w, https:\/\/vinhedoscuiaba.com.br\/blog\/wp-content\/uploads\/2021\/09\/iStock-1001996836-1024x683.jpg 1024w, https:\/\/vinhedoscuiaba.com.br\/blog\/wp-content\/uploads\/2021\/09\/iStock-1001996836-768x512.jpg 768w, https:\/\/vinhedoscuiaba.com.br\/blog\/wp-content\/uploads\/2021\/09\/iStock-1001996836-580x387.jpg 580w, https:\/\/vinhedoscuiaba.com.br\/blog\/wp-content\/uploads\/2021\/09\/iStock-1001996836-860x573.jpg 860w, https:\/\/vinhedoscuiaba.com.br\/blog\/wp-content\/uploads\/2021\/09\/iStock-1001996836-1160x773.jpg 1160w\" sizes=\"auto, (max-width: 1200px) 100vw, 1200px\" \/><\/p>\n<\/div>\n<\/div><\/div>\n<\/div>\n<\/div>\n<\/div>\n<\/div>\n<\/div>\n\n","protected":false},"excerpt":{"rendered":"<p>As vendas de im\u00f3veis na capital de Mato Grosso, no primeiro trimestre de 2021, atingiram o melhor \u00edndice do setor imobili\u00e1rio nos \u00faltimos cinco anos<\/p>\n","protected":false},"author":1,"featured_media":15261,"comment_status":"closed","ping_status":"closed","sticky":false,"template":"","format":"standard","meta":{"footnotes":""},"categories":[54,38],"tags":[],"class_list":["post-15256","post","type-post","status-publish","format-standard","has-post-thumbnail","hentry","category-destaques","category-mercado"],"yoast_head":"<!-- This site is optimized with the Yoast SEO plugin v20.10 - https:\/\/yoast.com\/wordpress\/plugins\/seo\/ -->\n<title>Aquecimento do mercado imobili\u00e1rio de Cuiab\u00e1 | Blog Vinhedos<\/title>\n<meta name=\"description\" content=\"As vendas de im\u00f3veis no primeiro trimestre de 2021, atingiram o melhor \u00edndice do setor imobili\u00e1rio nos \u00faltimos cinco anos\" \/>\n<meta name=\"robots\" content=\"index, follow, max-snippet:-1, max-image-preview:large, max-video-preview:-1\" \/>\n<link rel=\"canonical\" href=\"https:\/\/vinhedoscuiaba.com.br\/blog\/aquecimento-do-mercado-imobiliario-de-cuiaba\/\" \/>\n<meta property=\"og:locale\" content=\"pt_BR\" \/>\n<meta property=\"og:type\" content=\"article\" \/>\n<meta property=\"og:title\" content=\"Aquecimento do mercado imobili\u00e1rio de Cuiab\u00e1 | Blog Vinhedos\" \/>\n<meta property=\"og:description\" content=\"As vendas de im\u00f3veis no primeiro trimestre de 2021, atingiram o melhor \u00edndice do setor imobili\u00e1rio nos \u00faltimos cinco anos\" \/>\n<meta property=\"og:url\" content=\"https:\/\/vinhedoscuiaba.com.br\/blog\/aquecimento-do-mercado-imobiliario-de-cuiaba\/\" \/>\n<meta property=\"og:site_name\" content=\"Blog Vinhedos\" \/>\n<meta property=\"article:publisher\" content=\"https:\/\/www.facebook.com\/vinhedoscuiaba\" \/>\n<meta property=\"article:published_time\" content=\"2021-09-02T20:20:00+00:00\" \/>\n<meta property=\"article:modified_time\" content=\"2023-05-30T17:12:52+00:00\" \/>\n<meta property=\"og:image\" content=\"https:\/\/vinhedoscuiaba.com.br\/blog\/wp-content\/uploads\/2021\/09\/iStock-1287525198.jpg\" \/>\n\t<meta property=\"og:image:width\" content=\"2000\" \/>\n\t<meta property=\"og:image:height\" content=\"1125\" \/>\n\t<meta property=\"og:image:type\" content=\"image\/jpeg\" \/>\n<meta name=\"author\" content=\"eduardo\" \/>\n<meta name=\"twitter:card\" content=\"summary_large_image\" \/>\n<meta name=\"twitter:label1\" content=\"Escrito por\" \/>\n\t<meta name=\"twitter:data1\" content=\"eduardo\" \/>\n\t<meta name=\"twitter:label2\" content=\"Est. tempo de leitura\" \/>\n\t<meta name=\"twitter:data2\" content=\"6 minutos\" \/>\n<script type=\"application\/ld+json\" class=\"yoast-schema-graph\">{\"@context\":\"https:\/\/schema.org\",\"@graph\":[{\"@type\":\"Article\",\"@id\":\"https:\/\/vinhedoscuiaba.com.br\/blog\/aquecimento-do-mercado-imobiliario-de-cuiaba\/#article\",\"isPartOf\":{\"@id\":\"https:\/\/vinhedoscuiaba.com.br\/blog\/aquecimento-do-mercado-imobiliario-de-cuiaba\/\"},\"author\":{\"name\":\"eduardo\",\"@id\":\"https:\/\/vinhedoscuiaba.com.br\/blog\/#\/schema\/person\/bef98eb7c497f45e75a3d0d13a935e21\"},\"headline\":\"Aquecimento do mercado imobili\u00e1rio de Cuiab\u00e1\",\"datePublished\":\"2021-09-02T20:20:00+00:00\",\"dateModified\":\"2023-05-30T17:12:52+00:00\",\"mainEntityOfPage\":{\"@id\":\"https:\/\/vinhedoscuiaba.com.br\/blog\/aquecimento-do-mercado-imobiliario-de-cuiaba\/\"},\"wordCount\":1255,\"publisher\":{\"@id\":\"https:\/\/vinhedoscuiaba.com.br\/blog\/#organization\"},\"articleSection\":[\"Destaques\",\"Mercado\"],\"inLanguage\":\"pt-BR\"},{\"@type\":\"WebPage\",\"@id\":\"https:\/\/vinhedoscuiaba.com.br\/blog\/aquecimento-do-mercado-imobiliario-de-cuiaba\/\",\"url\":\"https:\/\/vinhedoscuiaba.com.br\/blog\/aquecimento-do-mercado-imobiliario-de-cuiaba\/\",\"name\":\"Aquecimento do mercado imobili\u00e1rio de Cuiab\u00e1 | Blog Vinhedos\",\"isPartOf\":{\"@id\":\"https:\/\/vinhedoscuiaba.com.br\/blog\/#website\"},\"datePublished\":\"2021-09-02T20:20:00+00:00\",\"dateModified\":\"2023-05-30T17:12:52+00:00\",\"description\":\"As vendas de im\u00f3veis no primeiro trimestre de 2021, atingiram o melhor \u00edndice do setor imobili\u00e1rio nos \u00faltimos cinco anos\",\"breadcrumb\":{\"@id\":\"https:\/\/vinhedoscuiaba.com.br\/blog\/aquecimento-do-mercado-imobiliario-de-cuiaba\/#breadcrumb\"},\"inLanguage\":\"pt-BR\",\"potentialAction\":[{\"@type\":\"ReadAction\",\"target\":[\"https:\/\/vinhedoscuiaba.com.br\/blog\/aquecimento-do-mercado-imobiliario-de-cuiaba\/\"]}]},{\"@type\":\"BreadcrumbList\",\"@id\":\"https:\/\/vinhedoscuiaba.com.br\/blog\/aquecimento-do-mercado-imobiliario-de-cuiaba\/#breadcrumb\",\"itemListElement\":[{\"@type\":\"ListItem\",\"position\":1,\"name\":\"Home\",\"item\":\"https:\/\/vinhedoscuiaba.com.br\/blog\/\"},{\"@type\":\"ListItem\",\"position\":2,\"name\":\"Aquecimento do mercado imobili\u00e1rio de Cuiab\u00e1\"}]},{\"@type\":\"WebSite\",\"@id\":\"https:\/\/vinhedoscuiaba.com.br\/blog\/#website\",\"url\":\"https:\/\/vinhedoscuiaba.com.br\/blog\/\",\"name\":\"Blog Vinhedos\",\"description\":\"O Melhor Bairro na Regi\u00e3o do Santa Rosa\",\"publisher\":{\"@id\":\"https:\/\/vinhedoscuiaba.com.br\/blog\/#organization\"},\"potentialAction\":[{\"@type\":\"SearchAction\",\"target\":{\"@type\":\"EntryPoint\",\"urlTemplate\":\"https:\/\/vinhedoscuiaba.com.br\/blog\/?s={search_term_string}\"},\"query-input\":\"required name=search_term_string\"}],\"inLanguage\":\"pt-BR\"},{\"@type\":\"Organization\",\"@id\":\"https:\/\/vinhedoscuiaba.com.br\/blog\/#organization\",\"name\":\"Abitte Urbanismo\",\"url\":\"https:\/\/vinhedoscuiaba.com.br\/blog\/\",\"logo\":{\"@type\":\"ImageObject\",\"inLanguage\":\"pt-BR\",\"@id\":\"https:\/\/vinhedoscuiaba.com.br\/blog\/#\/schema\/logo\/image\/\",\"url\":\"https:\/\/vinhedoscuiaba.com.br\/blog\/wp-content\/uploads\/2021\/06\/abitte.png\",\"contentUrl\":\"https:\/\/vinhedoscuiaba.com.br\/blog\/wp-content\/uploads\/2021\/06\/abitte.png\",\"width\":153,\"height\":54,\"caption\":\"Abitte Urbanismo\"},\"image\":{\"@id\":\"https:\/\/vinhedoscuiaba.com.br\/blog\/#\/schema\/logo\/image\/\"},\"sameAs\":[\"https:\/\/www.facebook.com\/vinhedoscuiaba\",\"https:\/\/www.instagram.com\/vinhedoscuiaba\/\",\"https:\/\/www.youtube.com\/channel\/UCOSO5ETtBV3uPVlckHQotyg\"]},{\"@type\":\"Person\",\"@id\":\"https:\/\/vinhedoscuiaba.com.br\/blog\/#\/schema\/person\/bef98eb7c497f45e75a3d0d13a935e21\",\"name\":\"eduardo\",\"image\":{\"@type\":\"ImageObject\",\"inLanguage\":\"pt-BR\",\"@id\":\"https:\/\/vinhedoscuiaba.com.br\/blog\/#\/schema\/person\/image\/\",\"url\":\"https:\/\/secure.gravatar.com\/avatar\/82dacc8da699a5244d06ecb4b299eb0438434de8cb6b6499e8e36bce8b0009b8?s=96&d=mm&r=g\",\"contentUrl\":\"https:\/\/secure.gravatar.com\/avatar\/82dacc8da699a5244d06ecb4b299eb0438434de8cb6b6499e8e36bce8b0009b8?s=96&d=mm&r=g\",\"caption\":\"eduardo\"},\"sameAs\":[\"https:\/\/vinhedoscuiaba.com.br\/blog\"]}]}<\/script>\n<!-- \/ Yoast SEO plugin. -->","yoast_head_json":{"title":"Aquecimento do mercado imobili\u00e1rio de Cuiab\u00e1 | Blog Vinhedos","description":"As vendas de im\u00f3veis no primeiro trimestre de 2021, atingiram o melhor \u00edndice do setor imobili\u00e1rio nos \u00faltimos cinco anos","robots":{"index":"index","follow":"follow","max-snippet":"max-snippet:-1","max-image-preview":"max-image-preview:large","max-video-preview":"max-video-preview:-1"},"canonical":"https:\/\/vinhedoscuiaba.com.br\/blog\/aquecimento-do-mercado-imobiliario-de-cuiaba\/","og_locale":"pt_BR","og_type":"article","og_title":"Aquecimento do mercado imobili\u00e1rio de Cuiab\u00e1 | Blog Vinhedos","og_description":"As vendas de im\u00f3veis no primeiro trimestre de 2021, atingiram o melhor \u00edndice do setor imobili\u00e1rio nos \u00faltimos cinco anos","og_url":"https:\/\/vinhedoscuiaba.com.br\/blog\/aquecimento-do-mercado-imobiliario-de-cuiaba\/","og_site_name":"Blog Vinhedos","article_publisher":"https:\/\/www.facebook.com\/vinhedoscuiaba","article_published_time":"2021-09-02T20:20:00+00:00","article_modified_time":"2023-05-30T17:12:52+00:00","og_image":[{"width":2000,"height":1125,"url":"https:\/\/vinhedoscuiaba.com.br\/blog\/wp-content\/uploads\/2021\/09\/iStock-1287525198.jpg","type":"image\/jpeg"}],"author":"eduardo","twitter_card":"summary_large_image","twitter_misc":{"Escrito por":"eduardo","Est. tempo de leitura":"6 minutos"},"schema":{"@context":"https:\/\/schema.org","@graph":[{"@type":"Article","@id":"https:\/\/vinhedoscuiaba.com.br\/blog\/aquecimento-do-mercado-imobiliario-de-cuiaba\/#article","isPartOf":{"@id":"https:\/\/vinhedoscuiaba.com.br\/blog\/aquecimento-do-mercado-imobiliario-de-cuiaba\/"},"author":{"name":"eduardo","@id":"https:\/\/vinhedoscuiaba.com.br\/blog\/#\/schema\/person\/bef98eb7c497f45e75a3d0d13a935e21"},"headline":"Aquecimento do mercado imobili\u00e1rio de Cuiab\u00e1","datePublished":"2021-09-02T20:20:00+00:00","dateModified":"2023-05-30T17:12:52+00:00","mainEntityOfPage":{"@id":"https:\/\/vinhedoscuiaba.com.br\/blog\/aquecimento-do-mercado-imobiliario-de-cuiaba\/"},"wordCount":1255,"publisher":{"@id":"https:\/\/vinhedoscuiaba.com.br\/blog\/#organization"},"articleSection":["Destaques","Mercado"],"inLanguage":"pt-BR"},{"@type":"WebPage","@id":"https:\/\/vinhedoscuiaba.com.br\/blog\/aquecimento-do-mercado-imobiliario-de-cuiaba\/","url":"https:\/\/vinhedoscuiaba.com.br\/blog\/aquecimento-do-mercado-imobiliario-de-cuiaba\/","name":"Aquecimento do mercado imobili\u00e1rio de Cuiab\u00e1 | Blog Vinhedos","isPartOf":{"@id":"https:\/\/vinhedoscuiaba.com.br\/blog\/#website"},"datePublished":"2021-09-02T20:20:00+00:00","dateModified":"2023-05-30T17:12:52+00:00","description":"As vendas de im\u00f3veis no primeiro trimestre de 2021, atingiram o melhor \u00edndice do setor imobili\u00e1rio nos \u00faltimos cinco anos","breadcrumb":{"@id":"https:\/\/vinhedoscuiaba.com.br\/blog\/aquecimento-do-mercado-imobiliario-de-cuiaba\/#breadcrumb"},"inLanguage":"pt-BR","potentialAction":[{"@type":"ReadAction","target":["https:\/\/vinhedoscuiaba.com.br\/blog\/aquecimento-do-mercado-imobiliario-de-cuiaba\/"]}]},{"@type":"BreadcrumbList","@id":"https:\/\/vinhedoscuiaba.com.br\/blog\/aquecimento-do-mercado-imobiliario-de-cuiaba\/#breadcrumb","itemListElement":[{"@type":"ListItem","position":1,"name":"Home","item":"https:\/\/vinhedoscuiaba.com.br\/blog\/"},{"@type":"ListItem","position":2,"name":"Aquecimento do mercado imobili\u00e1rio de Cuiab\u00e1"}]},{"@type":"WebSite","@id":"https:\/\/vinhedoscuiaba.com.br\/blog\/#website","url":"https:\/\/vinhedoscuiaba.com.br\/blog\/","name":"Blog Vinhedos","description":"O Melhor Bairro na Regi\u00e3o do Santa Rosa","publisher":{"@id":"https:\/\/vinhedoscuiaba.com.br\/blog\/#organization"},"potentialAction":[{"@type":"SearchAction","target":{"@type":"EntryPoint","urlTemplate":"https:\/\/vinhedoscuiaba.com.br\/blog\/?s={search_term_string}"},"query-input":"required name=search_term_string"}],"inLanguage":"pt-BR"},{"@type":"Organization","@id":"https:\/\/vinhedoscuiaba.com.br\/blog\/#organization","name":"Abitte Urbanismo","url":"https:\/\/vinhedoscuiaba.com.br\/blog\/","logo":{"@type":"ImageObject","inLanguage":"pt-BR","@id":"https:\/\/vinhedoscuiaba.com.br\/blog\/#\/schema\/logo\/image\/","url":"https:\/\/vinhedoscuiaba.com.br\/blog\/wp-content\/uploads\/2021\/06\/abitte.png","contentUrl":"https:\/\/vinhedoscuiaba.com.br\/blog\/wp-content\/uploads\/2021\/06\/abitte.png","width":153,"height":54,"caption":"Abitte Urbanismo"},"image":{"@id":"https:\/\/vinhedoscuiaba.com.br\/blog\/#\/schema\/logo\/image\/"},"sameAs":["https:\/\/www.facebook.com\/vinhedoscuiaba","https:\/\/www.instagram.com\/vinhedoscuiaba\/","https:\/\/www.youtube.com\/channel\/UCOSO5ETtBV3uPVlckHQotyg"]},{"@type":"Person","@id":"https:\/\/vinhedoscuiaba.com.br\/blog\/#\/schema\/person\/bef98eb7c497f45e75a3d0d13a935e21","name":"eduardo","image":{"@type":"ImageObject","inLanguage":"pt-BR","@id":"https:\/\/vinhedoscuiaba.com.br\/blog\/#\/schema\/person\/image\/","url":"https:\/\/secure.gravatar.com\/avatar\/82dacc8da699a5244d06ecb4b299eb0438434de8cb6b6499e8e36bce8b0009b8?s=96&d=mm&r=g","contentUrl":"https:\/\/secure.gravatar.com\/avatar\/82dacc8da699a5244d06ecb4b299eb0438434de8cb6b6499e8e36bce8b0009b8?s=96&d=mm&r=g","caption":"eduardo"},"sameAs":["https:\/\/vinhedoscuiaba.com.br\/blog"]}]}},"_links":{"self":[{"href":"https:\/\/vinhedoscuiaba.com.br\/blog\/wp-json\/wp\/v2\/posts\/15256","targetHints":{"allow":["GET"]}}],"collection":[{"href":"https:\/\/vinhedoscuiaba.com.br\/blog\/wp-json\/wp\/v2\/posts"}],"about":[{"href":"https:\/\/vinhedoscuiaba.com.br\/blog\/wp-json\/wp\/v2\/types\/post"}],"author":[{"embeddable":true,"href":"https:\/\/vinhedoscuiaba.com.br\/blog\/wp-json\/wp\/v2\/users\/1"}],"replies":[{"embeddable":true,"href":"https:\/\/vinhedoscuiaba.com.br\/blog\/wp-json\/wp\/v2\/comments?post=15256"}],"version-history":[{"count":1,"href":"https:\/\/vinhedoscuiaba.com.br\/blog\/wp-json\/wp\/v2\/posts\/15256\/revisions"}],"predecessor-version":[{"id":18008,"href":"https:\/\/vinhedoscuiaba.com.br\/blog\/wp-json\/wp\/v2\/posts\/15256\/revisions\/18008"}],"wp:featuredmedia":[{"embeddable":true,"href":"https:\/\/vinhedoscuiaba.com.br\/blog\/wp-json\/wp\/v2\/media\/15261"}],"wp:attachment":[{"href":"https:\/\/vinhedoscuiaba.com.br\/blog\/wp-json\/wp\/v2\/media?parent=15256"}],"wp:term":[{"taxonomy":"category","embeddable":true,"href":"https:\/\/vinhedoscuiaba.com.br\/blog\/wp-json\/wp\/v2\/categories?post=15256"},{"taxonomy":"post_tag","embeddable":true,"href":"https:\/\/vinhedoscuiaba.com.br\/blog\/wp-json\/wp\/v2\/tags?post=15256"}],"curies":[{"name":"wp","href":"https:\/\/api.w.org\/{rel}","templated":true}]}}