{"id":15386,"date":"2021-09-27T17:09:27","date_gmt":"2021-09-27T20:09:27","guid":{"rendered":"https:\/\/vinhedoscuiaba.com.br\/blog\/?p=15386"},"modified":"2021-09-29T15:34:11","modified_gmt":"2021-09-29T18:34:11","slug":"amorpelaarquitetura","status":"publish","type":"post","link":"https:\/\/vinhedoscuiaba.com.br\/blog\/amorpelaarquitetura\/","title":{"rendered":"Bruna Medeiros: um caso de amor com a arquitetura desde a inf\u00e2ncia"},"content":{"rendered":"<div id=\"cmsmasters_row_3aop12p9pg\" class=\"cmsmasters_row cmsmasters_color_scheme_default cmsmasters_row_top_default cmsmasters_row_bot_default cmsmasters_row_boxed\">\n<div class=\"cmsmasters_row_outer_parent\">\n<div class=\"cmsmasters_row_outer\">\n<div class=\"cmsmasters_row_inner\">\n<div class=\"cmsmasters_row_margin\">\n<div id=\"cmsmasters_column_cvor61pt1j\" class=\"cmsmasters_column one_first\">\n<div class=\"cmsmasters_column_inner\"><div class=\"cmsmasters_text\">\n<h3 style=\"text-align: center;\">A arquiteta que atua em Cuiab\u00e1 se dedica a construir, literalmente, os sonhos de seus clientes, levando em conta a harmonia dos espa\u00e7os e o respeito ao meio ambiente<\/h3>\n<\/div>\n<div id=\"cmsmasters_divider_j313up4ay\" class=\"cmsmasters_divider cmsmasters_divider_width_long cmsmasters_divider_pos_center\"><\/div>\n<\/div><\/div>\n<\/div>\n<\/div>\n<\/div>\n<\/div>\n<\/div>\n<div id=\"cmsmasters_row_tp7rttvdlk\" class=\"cmsmasters_row cmsmasters_color_scheme_default cmsmasters_row_top_default cmsmasters_row_bot_default cmsmasters_row_boxed\">\n<div class=\"cmsmasters_row_outer_parent\">\n<div class=\"cmsmasters_row_outer\">\n<div class=\"cmsmasters_row_inner\">\n<div class=\"cmsmasters_row_margin\">\n<div id=\"cmsmasters_column_xhydyx53ty\" class=\"cmsmasters_column one_first\">\n<div class=\"cmsmasters_column_inner\"><div class=\"cmsmasters_text\">\n<p>Formada em Arquitetura e Urbanismo, pela Universidade Federal do Mato Grosso (UFMT), em 2013, a arquiteta Bruna Medeiros tem uma vasta experi\u00eancia acad\u00eamica, com duas p\u00f3s-gradua\u00e7\u00f5es \u2013 Master em Arquitetura e Ilumina\u00e7\u00e3o e, mais recentemente, Master em Neuroci\u00eancia aplicada \u00e0 Arquitetura \u2013, al\u00e9m de participa\u00e7\u00f5es em cursos sobre Constru\u00e7\u00f5es Sustent\u00e1veis, Feng Shui e Paisagismo.<\/p>\n<p>E a busca por conhecimento n\u00e3o parou por a\u00ed! Para se manter atualizada e aprimorar a qualidade de seus servi\u00e7os, Bruna est\u00e1 sempre participando de cursos, semin\u00e1rios e feiras de design\/arquitetura.<\/p>\n<p>A paix\u00e3o pela arquitetura \u00e9 algo que est\u00e1 com Bruna desde a inf\u00e2ncia, quando acompanhava as obras de seu pai, que trabalhava em uma grande construtora de S\u00e3o Paulo. \u201cDesde sempre gostei do cheiro de obra (risos) e sempre fui muito curiosa sobre como fazer as constru\u00e7\u00f5es funcionarem bem. Por ele, eu seria engenheira. Mas a arquitetura sempre me encantou e inspirou muito mais! Faz meu cora\u00e7\u00e3o bater forte e feliz!\u201d<\/p>\n<p>Hoje, a profissional gere seu pr\u00f3prio escrit\u00f3rio, o <span style=\"color: #993366;\"><a style=\"color: #993366;\" href=\"https:\/\/www.instagram.com\/brunamedeiros.arq\/\" target=\"_blank\" rel=\"noopener\">Bruna Medeiros Arquitetura<\/a><\/span>, e, juntamente a sua equipe, atua na regi\u00e3o de Cuiab\u00e1 com projetos arquitet\u00f4nicos que materializam os sonhos e necessidades de seus clientes, levando em considera\u00e7\u00e3o conceitos como sustentabilidade e harmonia entre o usu\u00e1rio e o espa\u00e7o.<\/p>\n<p><strong>O que mais te encanta na profiss\u00e3o? Qual fun\u00e7\u00e3o\/atividade tem mais prazer em desempenhar durante o planejamento de um projeto?<\/strong><br \/>\nMe fascina mergulhar no sonho dos meus clientes e, ao ver a constru\u00e7\u00e3o ficando pronta, eu sinto que aquele sonho se tornou meu tamb\u00e9m. Participar dessa materializa\u00e7\u00e3o \u00e9 maravilhoso e gratificante! Ao longo do projeto, a parte mais emocionante \u00e9 a apresenta\u00e7\u00e3o das imagens em 3D. Nesse momento, o cliente se realiza ao sentir que suas ideias e desejos foram compreendidos, e ele v\u00ea sua identidade representada no espa\u00e7o que projetamos juntos.<\/p>\n<p><img loading=\"lazy\" decoding=\"async\" class=\"aligncenter size-full wp-image-15401\" src=\"https:\/\/vinhedoscuiaba.com.br\/blog\/wp-content\/uploads\/2021\/09\/209907828_545128943311987_4363744069528766704_n.jpeg\" alt=\"\" width=\"1080\" height=\"1080\" srcset=\"https:\/\/vinhedoscuiaba.com.br\/blog\/wp-content\/uploads\/2021\/09\/209907828_545128943311987_4363744069528766704_n.jpeg 1080w, https:\/\/vinhedoscuiaba.com.br\/blog\/wp-content\/uploads\/2021\/09\/209907828_545128943311987_4363744069528766704_n-300x300.jpeg 300w, https:\/\/vinhedoscuiaba.com.br\/blog\/wp-content\/uploads\/2021\/09\/209907828_545128943311987_4363744069528766704_n-1024x1024.jpeg 1024w, https:\/\/vinhedoscuiaba.com.br\/blog\/wp-content\/uploads\/2021\/09\/209907828_545128943311987_4363744069528766704_n-150x150.jpeg 150w, https:\/\/vinhedoscuiaba.com.br\/blog\/wp-content\/uploads\/2021\/09\/209907828_545128943311987_4363744069528766704_n-768x768.jpeg 768w, https:\/\/vinhedoscuiaba.com.br\/blog\/wp-content\/uploads\/2021\/09\/209907828_545128943311987_4363744069528766704_n-75x75.jpeg 75w, https:\/\/vinhedoscuiaba.com.br\/blog\/wp-content\/uploads\/2021\/09\/209907828_545128943311987_4363744069528766704_n-350x350.jpeg 350w, https:\/\/vinhedoscuiaba.com.br\/blog\/wp-content\/uploads\/2021\/09\/209907828_545128943311987_4363744069528766704_n-580x580.jpeg 580w, https:\/\/vinhedoscuiaba.com.br\/blog\/wp-content\/uploads\/2021\/09\/209907828_545128943311987_4363744069528766704_n-860x860.jpeg 860w\" sizes=\"auto, (max-width: 1080px) 100vw, 1080px\" \/><\/p>\n<p><strong>No seu escrit\u00f3rio, h\u00e1 uma especialidade focada em algum nicho? Apresente a equipe envolvida e por tr\u00e1s do Bruna Medeiros Arquitetura.<\/strong><br \/>\nA maioria dos nossos projetos \u00e9 residencial, alguns comerciais e academias de gin\u00e1stica (administrei a academia do meu esposo por alguns anos, por isso conhe\u00e7o as particularidades deste tipo de constru\u00e7\u00e3o). Atualmente, minha equipe \u00e9 composta por mim, pela Yohani \u2013 arquiteta respons\u00e1vel pela gest\u00e3o dos projetos e processos internos \u2013, pelo arquiteto Renato \u2013 que cuida dos projetos arquitet\u00f4nicos \u2013, e pelo Felipe, que \u00e9 respons\u00e1vel pelas maquetes de interiores e imagens realistas. Mas todos participam de todas as etapas dos projetos, porque acredito que v\u00e1rias cabe\u00e7as t\u00eam muito mais ideias do que uma s\u00f3 (risos).<\/p>\n<p><strong>No <span style=\"color: #993366;\"><a style=\"color: #993366;\" href=\"http:\/\/www.brunamedeiros.com.br\/\" target=\"_blank\" rel=\"noopener\">site do escrit\u00f3rio<\/a><\/span>, \u00e9 mencionado que a sustentabilidade faz parte da ess\u00eancia de seu trabalho. Essa \u00e9 uma preocupa\u00e7\u00e3o que vem sendo colocada em pauta nos atuais empreendimentos imobili\u00e1rios. Como a sustentabilidade \u00e9 trabalhada em seus projetos?<\/strong><br \/>\nFazendo escolhas inteligentes! N\u00f3s sempre buscamos a otimiza\u00e7\u00e3o de recursos (financeiros, materiais, ambientais) em tudo na vida, ent\u00e3o por que deveria ser diferente nas constru\u00e7\u00f5es? Sustentabilidade vai muito al\u00e9m de produ\u00e7\u00e3o de energia solar. Por isso, desde o in\u00edcio do projeto, buscamos a melhor loca\u00e7\u00e3o da casa no terreno, considerando a orienta\u00e7\u00e3o solar, ventos dominantes da regi\u00e3o, melhor aproveitamento do relevo natural do terreno e sua drenagem. As aberturas da casa s\u00e3o planejadas para permitir ventila\u00e7\u00e3o e ilumina\u00e7\u00e3o natural sem que, necessariamente, o calor do sol entre tamb\u00e9m. At\u00e9 mesmo a escolha dos materiais usados na constru\u00e7\u00e3o pode impactar positiva ou negativamente na sa\u00fade dos habitantes e no meio ambiente. Ent\u00e3o, me sinto no dever de orientar os clientes sobre todas essas quest\u00f5es para que ele tamb\u00e9m fa\u00e7a escolhas ciente dos pr\u00f3s e contras de cada item no projeto. Nossa casa maior (Terra) j\u00e1 foi muito desrespeitada e agora precisamos reverter os danos causados pelas gera\u00e7\u00f5es anteriores.<\/p>\n<p><img loading=\"lazy\" decoding=\"async\" class=\"aligncenter size-full wp-image-15398\" src=\"https:\/\/vinhedoscuiaba.com.br\/blog\/wp-content\/uploads\/2021\/09\/233922591_130666549233465_9215067190492563273_n.jpeg\" alt=\"\" width=\"1080\" height=\"965\" srcset=\"https:\/\/vinhedoscuiaba.com.br\/blog\/wp-content\/uploads\/2021\/09\/233922591_130666549233465_9215067190492563273_n.jpeg 1080w, https:\/\/vinhedoscuiaba.com.br\/blog\/wp-content\/uploads\/2021\/09\/233922591_130666549233465_9215067190492563273_n-300x268.jpeg 300w, https:\/\/vinhedoscuiaba.com.br\/blog\/wp-content\/uploads\/2021\/09\/233922591_130666549233465_9215067190492563273_n-1024x915.jpeg 1024w, https:\/\/vinhedoscuiaba.com.br\/blog\/wp-content\/uploads\/2021\/09\/233922591_130666549233465_9215067190492563273_n-768x686.jpeg 768w, https:\/\/vinhedoscuiaba.com.br\/blog\/wp-content\/uploads\/2021\/09\/233922591_130666549233465_9215067190492563273_n-580x518.jpeg 580w, https:\/\/vinhedoscuiaba.com.br\/blog\/wp-content\/uploads\/2021\/09\/233922591_130666549233465_9215067190492563273_n-860x768.jpeg 860w\" sizes=\"auto, (max-width: 1080px) 100vw, 1080px\" \/><\/p>\n<p><strong>Outro conceito abordado no trabalho que voc\u00ea desenvolve \u00e9 o Feng Shui. Qual a import\u00e2ncia desta pr\u00e1tica aos ambientes e de que forma ela pode ser aplicada em uma resid\u00eancia, por exemplo?<\/strong><br \/>\nO Feng Shui \u00e9 baseado na observa\u00e7\u00e3o de milhares de anos sobre como os espa\u00e7os influenciam a sa\u00fade, bem-estar e prosperidade dos seus habitantes. Quando percebi que as t\u00e9cnicas do Feng Shui funcionam tornando os espa\u00e7os mais harmoniosos, agrad\u00e1veis e convidativos, decidi fazer parte da 1\u00aa turma de p\u00f3s-gradua\u00e7\u00e3o em Neuroci\u00eancia aplicada \u00e0 Arquitetura. Assim, com estudos cient\u00edficos da Neuroci\u00eancia e Psicologia, muitas t\u00e9cnicas do Feng Shui foram explicadas e comprovadas. Analisamos como as formas geom\u00e9tricas, cores, texturas e imagens do espa\u00e7o s\u00e3o traduzidos pelo nosso c\u00e9rebro e impactam nossas emo\u00e7\u00f5es, sa\u00fade e comportamento. Um exemplo simples: dependendo de como seu sof\u00e1 estiver posicionado na sala, essa sala pode transmitir a mensagem de que voc\u00ea \u00e9 bem-vindo e convidado a se sentar, ou de que sua presen\u00e7a n\u00e3o \u00e9 desejada ali. Essa mensagem vai se repetindo no seu dia a dia em casa, sendo refor\u00e7ada no seu subconsciente. A sensa\u00e7\u00e3o pode se transformar em bem-estar (sa\u00fade) ou em ansiedade (e at\u00e9 depress\u00e3o).<\/p>\n<p><strong>O <span style=\"color: #993366;\"><a style=\"color: #993366;\" href=\"https:\/\/vinhedoscuiaba.com.br\/blog\/aquecimento-do-mercado-imobiliario-de-cuiaba\/\" target=\"_blank\" rel=\"noopener\">mercado imobili\u00e1rio em Cuiab\u00e1<\/a><\/span> est\u00e1 bem aquecido, e observa-se uma movimenta\u00e7\u00e3o nos lan\u00e7amentos de alto padr\u00e3o. Im\u00f3veis de alto padr\u00e3o tamb\u00e9m precisam seguir uma est\u00e9tica de alto padr\u00e3o. Tem alguma tend\u00eancia de est\u00e9tica de constru\u00e7\u00e3o que voc\u00eas t\u00eam observado ultimamente para resid\u00eancias deste nicho?<\/strong><br \/>\nVejo, atualmente, a prefer\u00eancia por casas com alturas internas (p\u00e9 direito) mais altos, ambientes que promovam a integra\u00e7\u00e3o da fam\u00edlia, uso de tecnologia e automa\u00e7\u00e3o para facilitar a vida como cortinas e persianas automatizadas, controle de luzes, ar-condicionado e diversos equipamentos atrav\u00e9s de um celular com internet. Tamb\u00e9m s\u00e3o muito pedidos ambientes multi\u00fasos que se adaptam a diferentes necessidades, o desejo de trazer a natureza para dentro de casa, uso de revestimentos naturais como pedras e madeira, ou porcelanatos que simulem esses materiais naturais. Efeitos de ilumina\u00e7\u00e3o diferentes que o LED proporciona tamb\u00e9m est\u00e3o sendo muito utilizados, desde a fachada at\u00e9 a piscina.<\/p>\n<p><strong>Apresente alguns dos projetos de alto padr\u00e3o do portf\u00f3lio do escrit\u00f3rio, contextualizando suas caracter\u00edsticas e particularidades.<\/strong><\/p>\n<p>PROJETO 01: Resid\u00eancia t\u00e9rrea para uma fam\u00edlia jovem e alegre, que ama arte\/cultura e receber os amigos com crian\u00e7as. Tanto a garagem quanto o espa\u00e7o gourmet est\u00e3o integrados com a \u00e1rea de lazer, para terem liberdade de us\u00e1-los em festas e reuni\u00f5es dentro ou fora de casa. A \u00e1rea dos quartos foi setorizada de modo a garantir privacidade e confortos t\u00e9rmico e ac\u00fastico. Al\u00e9m de tr\u00eas su\u00edtes, planejamos um home office que garante concentra\u00e7\u00e3o e foco para os clientes trabalharem e fazerem suas reuni\u00f5es on-line em local apropriado.<\/p>\n<figure id=\"attachment_15397\" aria-describedby=\"caption-attachment-15397\" style=\"width: 3840px\" class=\"wp-caption aligncenter\"><img loading=\"lazy\" decoding=\"async\" class=\"wp-image-15397 size-full\" src=\"https:\/\/vinhedoscuiaba.com.br\/blog\/wp-content\/uploads\/2021\/09\/PROJETO-1-2.png\" alt=\"\" width=\"3840\" height=\"2160\" srcset=\"https:\/\/vinhedoscuiaba.com.br\/blog\/wp-content\/uploads\/2021\/09\/PROJETO-1-2.png 2048w, https:\/\/vinhedoscuiaba.com.br\/blog\/wp-content\/uploads\/2021\/09\/PROJETO-1-2-300x169.png 300w, https:\/\/vinhedoscuiaba.com.br\/blog\/wp-content\/uploads\/2021\/09\/PROJETO-1-2-1024x576.png 1024w, https:\/\/vinhedoscuiaba.com.br\/blog\/wp-content\/uploads\/2021\/09\/PROJETO-1-2-768x432.png 768w, https:\/\/vinhedoscuiaba.com.br\/blog\/wp-content\/uploads\/2021\/09\/PROJETO-1-2-1536x864.png 1536w, https:\/\/vinhedoscuiaba.com.br\/blog\/wp-content\/uploads\/2021\/09\/PROJETO-1-2-580x326.png 580w, https:\/\/vinhedoscuiaba.com.br\/blog\/wp-content\/uploads\/2021\/09\/PROJETO-1-2-860x484.png 860w, https:\/\/vinhedoscuiaba.com.br\/blog\/wp-content\/uploads\/2021\/09\/PROJETO-1-2-1160x653.png 1160w, https:\/\/vinhedoscuiaba.com.br\/blog\/wp-content\/uploads\/2021\/09\/PROJETO-1-2-1320x743.png 1320w\" sizes=\"auto, (max-width: 3840px) 100vw, 3840px\" \/><figcaption id=\"caption-attachment-15397\" class=\"wp-caption-text\">Projeto 1<\/figcaption><\/figure>\n<p>PROJETO 02: Resid\u00eancia t\u00e9rrea com 460 m\u00b2 para um casal apaixonado por nata\u00e7\u00e3o. Usamos a largura total do terreno para criar uma piscina com raia de 24 m, cascata, prainha e hidromassagem. A resid\u00eancia \u00e9 totalmente acess\u00edvel, garantindo a seguran\u00e7a e o conforto dos habitantes por toda vida.<\/p>\n<figure id=\"attachment_15399\" aria-describedby=\"caption-attachment-15399\" style=\"width: 1920px\" class=\"wp-caption aligncenter\"><img loading=\"lazy\" decoding=\"async\" class=\"wp-image-15399 size-full\" src=\"https:\/\/vinhedoscuiaba.com.br\/blog\/wp-content\/uploads\/2021\/09\/PROJETO-2-3.jpg\" alt=\"\" width=\"1920\" height=\"1080\" srcset=\"https:\/\/vinhedoscuiaba.com.br\/blog\/wp-content\/uploads\/2021\/09\/PROJETO-2-3.jpg 1920w, https:\/\/vinhedoscuiaba.com.br\/blog\/wp-content\/uploads\/2021\/09\/PROJETO-2-3-300x169.jpg 300w, https:\/\/vinhedoscuiaba.com.br\/blog\/wp-content\/uploads\/2021\/09\/PROJETO-2-3-1024x576.jpg 1024w, https:\/\/vinhedoscuiaba.com.br\/blog\/wp-content\/uploads\/2021\/09\/PROJETO-2-3-768x432.jpg 768w, https:\/\/vinhedoscuiaba.com.br\/blog\/wp-content\/uploads\/2021\/09\/PROJETO-2-3-1536x864.jpg 1536w, https:\/\/vinhedoscuiaba.com.br\/blog\/wp-content\/uploads\/2021\/09\/PROJETO-2-3-580x326.jpg 580w, https:\/\/vinhedoscuiaba.com.br\/blog\/wp-content\/uploads\/2021\/09\/PROJETO-2-3-860x484.jpg 860w, https:\/\/vinhedoscuiaba.com.br\/blog\/wp-content\/uploads\/2021\/09\/PROJETO-2-3-1160x653.jpg 1160w, https:\/\/vinhedoscuiaba.com.br\/blog\/wp-content\/uploads\/2021\/09\/PROJETO-2-3-1320x743.jpg 1320w\" sizes=\"auto, (max-width: 1920px) 100vw, 1920px\" \/><figcaption id=\"caption-attachment-15399\" class=\"wp-caption-text\">Projeto 2<\/figcaption><\/figure>\n<p>PROJETO 03: Sobrado com 182 m\u00b2. Na fachada de tra\u00e7os e ilumina\u00e7\u00e3o modernos, usamos tijolinho produzido na regi\u00e3o (Chapada dos Guimar\u00e3es) e janelas altas que permitem muita luz e ventila\u00e7\u00e3o natural na sala com p\u00e9 direito duplo, preservando a privacidade da fam\u00edlia. No t\u00e9rreo, al\u00e9m dos ambientes sociais, criamos um espa\u00e7o multi\u00faso flex\u00edvel que pode ser usado como home office, sala de TV ou quarto de h\u00f3spedes.<\/p>\n<figure id=\"attachment_15400\" aria-describedby=\"caption-attachment-15400\" style=\"width: 1415px\" class=\"wp-caption aligncenter\"><img loading=\"lazy\" decoding=\"async\" class=\"size-full wp-image-15400\" src=\"https:\/\/vinhedoscuiaba.com.br\/blog\/wp-content\/uploads\/2021\/09\/6_Photo-8.jpg\" alt=\"\" width=\"1415\" height=\"1079\" srcset=\"https:\/\/vinhedoscuiaba.com.br\/blog\/wp-content\/uploads\/2021\/09\/6_Photo-8.jpg 1415w, https:\/\/vinhedoscuiaba.com.br\/blog\/wp-content\/uploads\/2021\/09\/6_Photo-8-300x229.jpg 300w, https:\/\/vinhedoscuiaba.com.br\/blog\/wp-content\/uploads\/2021\/09\/6_Photo-8-1024x781.jpg 1024w, https:\/\/vinhedoscuiaba.com.br\/blog\/wp-content\/uploads\/2021\/09\/6_Photo-8-768x586.jpg 768w, https:\/\/vinhedoscuiaba.com.br\/blog\/wp-content\/uploads\/2021\/09\/6_Photo-8-580x442.jpg 580w, https:\/\/vinhedoscuiaba.com.br\/blog\/wp-content\/uploads\/2021\/09\/6_Photo-8-860x656.jpg 860w, https:\/\/vinhedoscuiaba.com.br\/blog\/wp-content\/uploads\/2021\/09\/6_Photo-8-1160x885.jpg 1160w, https:\/\/vinhedoscuiaba.com.br\/blog\/wp-content\/uploads\/2021\/09\/6_Photo-8-1320x1007.jpg 1320w\" sizes=\"auto, (max-width: 1415px) 100vw, 1415px\" \/><figcaption id=\"caption-attachment-15400\" class=\"wp-caption-text\">Projeto 3<\/figcaption><\/figure>\n<p><strong>Em rela\u00e7\u00e3o ao bairro Vinhedos, um bairro planejado que entra no conceito de uma <span style=\"color: #993366;\"><a style=\"color: #993366;\" href=\"https:\/\/vinhedoscuiaba.com.br\/blog\/smart-cities\/\" target=\"_blank\" rel=\"noopener\">smart city<\/a><\/span>, a natureza estar\u00e1 integrada \u00e0 urbaniza\u00e7\u00e3o. Voc\u00ea enxerga isso como uma tend\u00eancia daqui para frente? Que tipo de projetos residenciais voc\u00ea visualiza para um empreendimento deste porte?<\/strong><br \/>\nA integra\u00e7\u00e3o da cidade com a natureza s\u00f3 tende a aumentar, daqui para frente. Chegamos a um ponto que \u00e9 invi\u00e1vel viver de outra forma. Cidades como Cuiab\u00e1 necessitam muito da sombra das \u00e1rvores, da umidade est\u00e1vel do ar que a natureza proporciona, e at\u00e9 mesmo do som dos p\u00e1ssaros que nos faz bem! Em um bairro planejado assim, resid\u00eancias, com\u00e9rcio, parques e escolas se encaixam perfeitamente para quem busca viver com qualidade de vida!<\/p>\n<\/div>\n<\/div><\/div>\n<\/div>\n<\/div>\n<\/div>\n<\/div>\n<\/div>\n\n","protected":false},"excerpt":{"rendered":"<p>A arquiteta que atua em Cuiab\u00e1 se dedica a construir, literalmente, os sonhos de seus clientes, levando em conta a harmonia dos espa\u00e7os e o respeito ao meio ambiente<\/p>\n","protected":false},"author":6,"featured_media":15415,"comment_status":"closed","ping_status":"closed","sticky":false,"template":"","format":"standard","meta":{"footnotes":""},"categories":[134],"tags":[42,43,130,46],"class_list":["post-15386","post","type-post","status-publish","format-standard","has-post-thumbnail","hentry","category-perfil-conteudo","tag-arquitetura","tag-decoracao","tag-portfolio-arquiteta","tag-urbanismo"],"yoast_head":"<!-- This site is optimized with the Yoast SEO plugin v20.10 - https:\/\/yoast.com\/wordpress\/plugins\/seo\/ -->\n<title>Bruna Medeiros: um caso de amor com a arquitetura desde a inf\u00e2ncia | Blog Vinhedos<\/title>\n<meta name=\"description\" content=\"A arquiteta se dedica a construir, literalmente, os sonhos de seus clientes, levando em conta a harmonia dos espa\u00e7os e o respeito ao meio ambiente\" \/>\n<meta name=\"robots\" content=\"index, follow, max-snippet:-1, max-image-preview:large, max-video-preview:-1\" \/>\n<link rel=\"canonical\" href=\"https:\/\/vinhedoscuiaba.com.br\/blog\/amorpelaarquitetura\/\" \/>\n<meta property=\"og:locale\" content=\"pt_BR\" \/>\n<meta property=\"og:type\" content=\"article\" \/>\n<meta property=\"og:title\" content=\"Bruna Medeiros: um caso de amor com a arquitetura desde a inf\u00e2ncia | Blog Vinhedos\" \/>\n<meta property=\"og:description\" content=\"A arquiteta se dedica a construir, literalmente, os sonhos de seus clientes, levando em conta a harmonia dos espa\u00e7os e o respeito ao meio ambiente\" \/>\n<meta property=\"og:url\" content=\"https:\/\/vinhedoscuiaba.com.br\/blog\/amorpelaarquitetura\/\" \/>\n<meta property=\"og:site_name\" content=\"Blog Vinhedos\" \/>\n<meta property=\"article:publisher\" content=\"https:\/\/www.facebook.com\/vinhedoscuiaba\" \/>\n<meta property=\"article:published_time\" content=\"2021-09-27T20:09:27+00:00\" \/>\n<meta property=\"article:modified_time\" content=\"2021-09-29T18:34:11+00:00\" \/>\n<meta property=\"og:image\" content=\"https:\/\/vinhedoscuiaba.com.br\/blog\/wp-content\/uploads\/2021\/09\/bruna_medeiros_06.jpg\" \/>\n\t<meta property=\"og:image:width\" content=\"614\" \/>\n\t<meta property=\"og:image:height\" content=\"850\" \/>\n\t<meta property=\"og:image:type\" content=\"image\/jpeg\" \/>\n<meta name=\"author\" content=\"Shayla Gabriela Silva\" \/>\n<meta name=\"twitter:card\" content=\"summary_large_image\" \/>\n<meta name=\"twitter:label1\" content=\"Escrito por\" \/>\n\t<meta name=\"twitter:data1\" content=\"Shayla Gabriela Silva\" \/>\n\t<meta name=\"twitter:label2\" content=\"Est. tempo de leitura\" \/>\n\t<meta name=\"twitter:data2\" content=\"1 minuto\" \/>\n<script type=\"application\/ld+json\" class=\"yoast-schema-graph\">{\"@context\":\"https:\/\/schema.org\",\"@graph\":[{\"@type\":\"Article\",\"@id\":\"https:\/\/vinhedoscuiaba.com.br\/blog\/amorpelaarquitetura\/#article\",\"isPartOf\":{\"@id\":\"https:\/\/vinhedoscuiaba.com.br\/blog\/amorpelaarquitetura\/\"},\"author\":{\"name\":\"Shayla Gabriela Silva\",\"@id\":\"https:\/\/vinhedoscuiaba.com.br\/blog\/#\/schema\/person\/27df0eba195745861c93ad79438e3d2e\"},\"headline\":\"Bruna Medeiros: um caso de amor com a arquitetura desde a inf\u00e2ncia\",\"datePublished\":\"2021-09-27T20:09:27+00:00\",\"dateModified\":\"2021-09-29T18:34:11+00:00\",\"mainEntityOfPage\":{\"@id\":\"https:\/\/vinhedoscuiaba.com.br\/blog\/amorpelaarquitetura\/\"},\"wordCount\":1805,\"publisher\":{\"@id\":\"https:\/\/vinhedoscuiaba.com.br\/blog\/#organization\"},\"keywords\":[\"arquitetura\",\"decora\u00e7\u00e3o\",\"portf\u00f3lio arquiteta\",\"urbanismo\"],\"articleSection\":[\"Perfil\"],\"inLanguage\":\"pt-BR\"},{\"@type\":\"WebPage\",\"@id\":\"https:\/\/vinhedoscuiaba.com.br\/blog\/amorpelaarquitetura\/\",\"url\":\"https:\/\/vinhedoscuiaba.com.br\/blog\/amorpelaarquitetura\/\",\"name\":\"Bruna Medeiros: um caso de amor com a arquitetura desde a inf\u00e2ncia | Blog Vinhedos\",\"isPartOf\":{\"@id\":\"https:\/\/vinhedoscuiaba.com.br\/blog\/#website\"},\"datePublished\":\"2021-09-27T20:09:27+00:00\",\"dateModified\":\"2021-09-29T18:34:11+00:00\",\"description\":\"A arquiteta se dedica a construir, literalmente, os sonhos de seus clientes, levando em conta a harmonia dos espa\u00e7os e o respeito ao meio ambiente\",\"breadcrumb\":{\"@id\":\"https:\/\/vinhedoscuiaba.com.br\/blog\/amorpelaarquitetura\/#breadcrumb\"},\"inLanguage\":\"pt-BR\",\"potentialAction\":[{\"@type\":\"ReadAction\",\"target\":[\"https:\/\/vinhedoscuiaba.com.br\/blog\/amorpelaarquitetura\/\"]}]},{\"@type\":\"BreadcrumbList\",\"@id\":\"https:\/\/vinhedoscuiaba.com.br\/blog\/amorpelaarquitetura\/#breadcrumb\",\"itemListElement\":[{\"@type\":\"ListItem\",\"position\":1,\"name\":\"Home\",\"item\":\"https:\/\/vinhedoscuiaba.com.br\/blog\/\"},{\"@type\":\"ListItem\",\"position\":2,\"name\":\"Bruna Medeiros: um caso de amor com a arquitetura desde a inf\u00e2ncia\"}]},{\"@type\":\"WebSite\",\"@id\":\"https:\/\/vinhedoscuiaba.com.br\/blog\/#website\",\"url\":\"https:\/\/vinhedoscuiaba.com.br\/blog\/\",\"name\":\"Blog Vinhedos\",\"description\":\"O Melhor Bairro na Regi\u00e3o do Santa Rosa\",\"publisher\":{\"@id\":\"https:\/\/vinhedoscuiaba.com.br\/blog\/#organization\"},\"potentialAction\":[{\"@type\":\"SearchAction\",\"target\":{\"@type\":\"EntryPoint\",\"urlTemplate\":\"https:\/\/vinhedoscuiaba.com.br\/blog\/?s={search_term_string}\"},\"query-input\":\"required name=search_term_string\"}],\"inLanguage\":\"pt-BR\"},{\"@type\":\"Organization\",\"@id\":\"https:\/\/vinhedoscuiaba.com.br\/blog\/#organization\",\"name\":\"Abitte Urbanismo\",\"url\":\"https:\/\/vinhedoscuiaba.com.br\/blog\/\",\"logo\":{\"@type\":\"ImageObject\",\"inLanguage\":\"pt-BR\",\"@id\":\"https:\/\/vinhedoscuiaba.com.br\/blog\/#\/schema\/logo\/image\/\",\"url\":\"https:\/\/vinhedoscuiaba.com.br\/blog\/wp-content\/uploads\/2021\/06\/abitte.png\",\"contentUrl\":\"https:\/\/vinhedoscuiaba.com.br\/blog\/wp-content\/uploads\/2021\/06\/abitte.png\",\"width\":153,\"height\":54,\"caption\":\"Abitte Urbanismo\"},\"image\":{\"@id\":\"https:\/\/vinhedoscuiaba.com.br\/blog\/#\/schema\/logo\/image\/\"},\"sameAs\":[\"https:\/\/www.facebook.com\/vinhedoscuiaba\",\"https:\/\/www.instagram.com\/vinhedoscuiaba\/\",\"https:\/\/www.youtube.com\/channel\/UCOSO5ETtBV3uPVlckHQotyg\"]},{\"@type\":\"Person\",\"@id\":\"https:\/\/vinhedoscuiaba.com.br\/blog\/#\/schema\/person\/27df0eba195745861c93ad79438e3d2e\",\"name\":\"Shayla Gabriela Silva\",\"image\":{\"@type\":\"ImageObject\",\"inLanguage\":\"pt-BR\",\"@id\":\"https:\/\/vinhedoscuiaba.com.br\/blog\/#\/schema\/person\/image\/\",\"url\":\"https:\/\/secure.gravatar.com\/avatar\/a0bfc6727e647b3d55b45a9ac9c0091a9688c8cd82a343f1d0be3f20d7ad2970?s=96&d=mm&r=g\",\"contentUrl\":\"https:\/\/secure.gravatar.com\/avatar\/a0bfc6727e647b3d55b45a9ac9c0091a9688c8cd82a343f1d0be3f20d7ad2970?s=96&d=mm&r=g\",\"caption\":\"Shayla Gabriela Silva\"}}]}<\/script>\n<!-- \/ Yoast SEO plugin. -->","yoast_head_json":{"title":"Bruna Medeiros: um caso de amor com a arquitetura desde a inf\u00e2ncia | Blog Vinhedos","description":"A arquiteta se dedica a construir, literalmente, os sonhos de seus clientes, levando em conta a harmonia dos espa\u00e7os e o respeito ao meio ambiente","robots":{"index":"index","follow":"follow","max-snippet":"max-snippet:-1","max-image-preview":"max-image-preview:large","max-video-preview":"max-video-preview:-1"},"canonical":"https:\/\/vinhedoscuiaba.com.br\/blog\/amorpelaarquitetura\/","og_locale":"pt_BR","og_type":"article","og_title":"Bruna Medeiros: um caso de amor com a arquitetura desde a inf\u00e2ncia | Blog Vinhedos","og_description":"A arquiteta se dedica a construir, literalmente, os sonhos de seus clientes, levando em conta a harmonia dos espa\u00e7os e o respeito ao meio ambiente","og_url":"https:\/\/vinhedoscuiaba.com.br\/blog\/amorpelaarquitetura\/","og_site_name":"Blog Vinhedos","article_publisher":"https:\/\/www.facebook.com\/vinhedoscuiaba","article_published_time":"2021-09-27T20:09:27+00:00","article_modified_time":"2021-09-29T18:34:11+00:00","og_image":[{"width":614,"height":850,"url":"https:\/\/vinhedoscuiaba.com.br\/blog\/wp-content\/uploads\/2021\/09\/bruna_medeiros_06.jpg","type":"image\/jpeg"}],"author":"Shayla Gabriela Silva","twitter_card":"summary_large_image","twitter_misc":{"Escrito por":"Shayla Gabriela Silva","Est. tempo de leitura":"1 minuto"},"schema":{"@context":"https:\/\/schema.org","@graph":[{"@type":"Article","@id":"https:\/\/vinhedoscuiaba.com.br\/blog\/amorpelaarquitetura\/#article","isPartOf":{"@id":"https:\/\/vinhedoscuiaba.com.br\/blog\/amorpelaarquitetura\/"},"author":{"name":"Shayla Gabriela Silva","@id":"https:\/\/vinhedoscuiaba.com.br\/blog\/#\/schema\/person\/27df0eba195745861c93ad79438e3d2e"},"headline":"Bruna Medeiros: um caso de amor com a arquitetura desde a inf\u00e2ncia","datePublished":"2021-09-27T20:09:27+00:00","dateModified":"2021-09-29T18:34:11+00:00","mainEntityOfPage":{"@id":"https:\/\/vinhedoscuiaba.com.br\/blog\/amorpelaarquitetura\/"},"wordCount":1805,"publisher":{"@id":"https:\/\/vinhedoscuiaba.com.br\/blog\/#organization"},"keywords":["arquitetura","decora\u00e7\u00e3o","portf\u00f3lio arquiteta","urbanismo"],"articleSection":["Perfil"],"inLanguage":"pt-BR"},{"@type":"WebPage","@id":"https:\/\/vinhedoscuiaba.com.br\/blog\/amorpelaarquitetura\/","url":"https:\/\/vinhedoscuiaba.com.br\/blog\/amorpelaarquitetura\/","name":"Bruna Medeiros: um caso de amor com a arquitetura desde a inf\u00e2ncia | Blog Vinhedos","isPartOf":{"@id":"https:\/\/vinhedoscuiaba.com.br\/blog\/#website"},"datePublished":"2021-09-27T20:09:27+00:00","dateModified":"2021-09-29T18:34:11+00:00","description":"A arquiteta se dedica a construir, literalmente, os sonhos de seus clientes, levando em conta a harmonia dos espa\u00e7os e o respeito ao meio ambiente","breadcrumb":{"@id":"https:\/\/vinhedoscuiaba.com.br\/blog\/amorpelaarquitetura\/#breadcrumb"},"inLanguage":"pt-BR","potentialAction":[{"@type":"ReadAction","target":["https:\/\/vinhedoscuiaba.com.br\/blog\/amorpelaarquitetura\/"]}]},{"@type":"BreadcrumbList","@id":"https:\/\/vinhedoscuiaba.com.br\/blog\/amorpelaarquitetura\/#breadcrumb","itemListElement":[{"@type":"ListItem","position":1,"name":"Home","item":"https:\/\/vinhedoscuiaba.com.br\/blog\/"},{"@type":"ListItem","position":2,"name":"Bruna Medeiros: um caso de amor com a arquitetura desde a inf\u00e2ncia"}]},{"@type":"WebSite","@id":"https:\/\/vinhedoscuiaba.com.br\/blog\/#website","url":"https:\/\/vinhedoscuiaba.com.br\/blog\/","name":"Blog Vinhedos","description":"O Melhor Bairro na Regi\u00e3o do Santa Rosa","publisher":{"@id":"https:\/\/vinhedoscuiaba.com.br\/blog\/#organization"},"potentialAction":[{"@type":"SearchAction","target":{"@type":"EntryPoint","urlTemplate":"https:\/\/vinhedoscuiaba.com.br\/blog\/?s={search_term_string}"},"query-input":"required name=search_term_string"}],"inLanguage":"pt-BR"},{"@type":"Organization","@id":"https:\/\/vinhedoscuiaba.com.br\/blog\/#organization","name":"Abitte Urbanismo","url":"https:\/\/vinhedoscuiaba.com.br\/blog\/","logo":{"@type":"ImageObject","inLanguage":"pt-BR","@id":"https:\/\/vinhedoscuiaba.com.br\/blog\/#\/schema\/logo\/image\/","url":"https:\/\/vinhedoscuiaba.com.br\/blog\/wp-content\/uploads\/2021\/06\/abitte.png","contentUrl":"https:\/\/vinhedoscuiaba.com.br\/blog\/wp-content\/uploads\/2021\/06\/abitte.png","width":153,"height":54,"caption":"Abitte Urbanismo"},"image":{"@id":"https:\/\/vinhedoscuiaba.com.br\/blog\/#\/schema\/logo\/image\/"},"sameAs":["https:\/\/www.facebook.com\/vinhedoscuiaba","https:\/\/www.instagram.com\/vinhedoscuiaba\/","https:\/\/www.youtube.com\/channel\/UCOSO5ETtBV3uPVlckHQotyg"]},{"@type":"Person","@id":"https:\/\/vinhedoscuiaba.com.br\/blog\/#\/schema\/person\/27df0eba195745861c93ad79438e3d2e","name":"Shayla Gabriela Silva","image":{"@type":"ImageObject","inLanguage":"pt-BR","@id":"https:\/\/vinhedoscuiaba.com.br\/blog\/#\/schema\/person\/image\/","url":"https:\/\/secure.gravatar.com\/avatar\/a0bfc6727e647b3d55b45a9ac9c0091a9688c8cd82a343f1d0be3f20d7ad2970?s=96&d=mm&r=g","contentUrl":"https:\/\/secure.gravatar.com\/avatar\/a0bfc6727e647b3d55b45a9ac9c0091a9688c8cd82a343f1d0be3f20d7ad2970?s=96&d=mm&r=g","caption":"Shayla Gabriela Silva"}}]}},"_links":{"self":[{"href":"https:\/\/vinhedoscuiaba.com.br\/blog\/wp-json\/wp\/v2\/posts\/15386","targetHints":{"allow":["GET"]}}],"collection":[{"href":"https:\/\/vinhedoscuiaba.com.br\/blog\/wp-json\/wp\/v2\/posts"}],"about":[{"href":"https:\/\/vinhedoscuiaba.com.br\/blog\/wp-json\/wp\/v2\/types\/post"}],"author":[{"embeddable":true,"href":"https:\/\/vinhedoscuiaba.com.br\/blog\/wp-json\/wp\/v2\/users\/6"}],"replies":[{"embeddable":true,"href":"https:\/\/vinhedoscuiaba.com.br\/blog\/wp-json\/wp\/v2\/comments?post=15386"}],"version-history":[{"count":0,"href":"https:\/\/vinhedoscuiaba.com.br\/blog\/wp-json\/wp\/v2\/posts\/15386\/revisions"}],"wp:featuredmedia":[{"embeddable":true,"href":"https:\/\/vinhedoscuiaba.com.br\/blog\/wp-json\/wp\/v2\/media\/15415"}],"wp:attachment":[{"href":"https:\/\/vinhedoscuiaba.com.br\/blog\/wp-json\/wp\/v2\/media?parent=15386"}],"wp:term":[{"taxonomy":"category","embeddable":true,"href":"https:\/\/vinhedoscuiaba.com.br\/blog\/wp-json\/wp\/v2\/categories?post=15386"},{"taxonomy":"post_tag","embeddable":true,"href":"https:\/\/vinhedoscuiaba.com.br\/blog\/wp-json\/wp\/v2\/tags?post=15386"}],"curies":[{"name":"wp","href":"https:\/\/api.w.org\/{rel}","templated":true}]}}