{"id":16259,"date":"2022-03-14T16:30:03","date_gmt":"2022-03-14T19:30:03","guid":{"rendered":"https:\/\/vinhedoscuiaba.com.br\/blog\/?p=16259"},"modified":"2022-03-14T16:30:03","modified_gmt":"2022-03-14T19:30:03","slug":"o-legado-das-mulheres-brasileiras-na-arquitetura","status":"publish","type":"post","link":"https:\/\/vinhedoscuiaba.com.br\/blog\/o-legado-das-mulheres-brasileiras-na-arquitetura\/","title":{"rendered":"O legado das mulheres brasileiras na Arquitetura"},"content":{"rendered":"<div id=\"cmsmasters_row_w1xmktr2o2\" class=\"cmsmasters_row cmsmasters_color_scheme_default cmsmasters_row_top_default cmsmasters_row_bot_default cmsmasters_row_boxed\">\n<div class=\"cmsmasters_row_outer_parent\">\n<div class=\"cmsmasters_row_outer\">\n<div class=\"cmsmasters_row_inner\">\n<div class=\"cmsmasters_row_margin\">\n<div id=\"cmsmasters_column_1886ngmq53\" class=\"cmsmasters_column one_first\">\n<div class=\"cmsmasters_column_inner\"><div class=\"cmsmasters_text\">\n<h3><span style=\"vertical-align: inherit;\">Em homenagem ao M\u00eas da Mulher, apresentamos algumas das principais profissionais que projetaram obras inesquec\u00edveis e marcantes para o setor arquitet\u00f4nico no pa\u00eds<\/span><\/h3>\n<\/div>\n<div id=\"cmsmasters_divider_n2n42zke4\" class=\"cmsmasters_divider cmsmasters_divider_width_long cmsmasters_divider_pos_center\"><\/div>\n<\/div><\/div>\n<\/div>\n<\/div>\n<\/div>\n<\/div>\n<\/div>\n<div id=\"cmsmasters_row_fz917powij\" class=\"cmsmasters_row cmsmasters_color_scheme_default cmsmasters_row_top_default cmsmasters_row_bot_default cmsmasters_row_boxed\">\n<div class=\"cmsmasters_row_outer_parent\">\n<div class=\"cmsmasters_row_outer\">\n<div class=\"cmsmasters_row_inner\">\n<div class=\"cmsmasters_row_margin\">\n<div id=\"cmsmasters_column_bhdcb07ku\" class=\"cmsmasters_column one_first\">\n<div class=\"cmsmasters_column_inner\"><div class=\"cmsmasters_text\">\n<p><span style=\"vertical-align: inherit;\"><span style=\"vertical-align: inherit;\"><span style=\"vertical-align: inherit;\"><span style=\"vertical-align: inherit;\"><span style=\"vertical-align: inherit;\"><span style=\"vertical-align: inherit;\"><span style=\"vertical-align: inherit;\"><span style=\"vertical-align: inherit;\"><span style=\"vertical-align: inherit;\"><span style=\"vertical-align: inherit;\"><span style=\"vertical-align: inherit;\"><span style=\"vertical-align: inherit;\"><span style=\"vertical-align: inherit;\"><span style=\"vertical-align: inherit;\">Durante as diversas transforma\u00e7\u00f5es da arquitetura brasileira, muitas profissionais se evidenciaram e trouxeram visibilidade para o pa\u00eds. Essas mulheres projetaram e constru\u00edram obras que, al\u00e9m de \u00fanicas em sua beleza, tamb\u00e9m deixaram os ambientes muito mais funcionais, construindo um legado muito importante para as futuras profissionais do setor arquitet\u00f4nico e de edifica\u00e7\u00f5es.<\/span><\/span><\/span><\/span><\/span><\/span><\/span><\/span><\/span><\/span><\/span><\/span><\/span><\/span><\/p>\n<p><span style=\"vertical-align: inherit;\"><span style=\"vertical-align: inherit;\"><span style=\"vertical-align: inherit;\"><span style=\"vertical-align: inherit;\"><span style=\"vertical-align: inherit;\"><span style=\"vertical-align: inherit;\"><span style=\"vertical-align: inherit;\"><span style=\"vertical-align: inherit;\"><span style=\"vertical-align: inherit;\"><span style=\"vertical-align: inherit;\"><span style=\"vertical-align: inherit;\"><span style=\"vertical-align: inherit;\"><span style=\"vertical-align: inherit;\"><span style=\"vertical-align: inherit;\">Presentes no cotidiano muitas vezes de maneira an\u00f4nima, essas arquitetas, urbanistas e engenheiras s\u00e3o as respons\u00e1veis por tornar nosso ambiente cada vez mais agrad\u00e1vel e pr\u00e1tico. Muitas delas, pelo conjunto de sua obra, deixaram um legado para as futuras gera\u00e7\u00f5es ao se destacarem no mercado como inovadoras e respons\u00e1veis por lan\u00e7ar novas tend\u00eancias. E mesmo com todo o preconceito e barreiras que elas enfrentam nessa \u00e1rea, h\u00e1 grandes nomes que marcaram e marcam a hist\u00f3ria do mundo, o que mostra que essa \u00e9 uma profiss\u00e3o tanto para homens, quanto para mulheres.<\/span><\/span><\/span><\/span><\/span><\/span><\/span><\/span><\/span><\/span><\/span><\/span><\/span><\/span><\/p>\n<h4><strong><span style=\"vertical-align: inherit;\"><span style=\"vertical-align: inherit;\"><span style=\"vertical-align: inherit;\"><span style=\"vertical-align: inherit;\">Brasileiras na Arquitetura<\/span><\/span><\/span><\/span><\/strong><\/h4>\n<p><span style=\"vertical-align: inherit;\"><span style=\"vertical-align: inherit;\"><span style=\"vertical-align: inherit;\"><span style=\"vertical-align: inherit;\"><span style=\"vertical-align: inherit;\"><span style=\"vertical-align: inherit;\"><span style=\"vertical-align: inherit;\"><span style=\"vertical-align: inherit;\"><span style=\"vertical-align: inherit;\"><span style=\"vertical-align: inherit;\"><span style=\"vertical-align: inherit;\"><span style=\"vertical-align: inherit;\"><span style=\"vertical-align: inherit;\"><span style=\"vertical-align: inherit;\">Nesse M\u00eas da Mulher apresentamos um pouco mais sobre essas grandes refer\u00eancias. Veja a seguir uma lista que fizemos com as principais mulheres brasileiras da arquitetura e engenharia nas \u00faltimas d\u00e9cadas no pa\u00eds.<\/span><\/span><\/span><\/span><\/span><\/span><\/span><\/span><\/span><\/span><\/span><\/span><\/span><\/span><\/p>\n<h4><strong><span style=\"vertical-align: inherit;\"><span style=\"vertical-align: inherit;\"><span style=\"vertical-align: inherit;\"><span style=\"vertical-align: inherit;\"><span style=\"vertical-align: inherit;\"><span style=\"vertical-align: inherit;\"><span style=\"vertical-align: inherit;\"><span style=\"vertical-align: inherit;\"><span style=\"vertical-align: inherit;\"><span style=\"vertical-align: inherit;\"><span style=\"vertical-align: inherit;\"><span style=\"vertical-align: inherit;\"><span style=\"vertical-align: inherit;\"><span style=\"vertical-align: inherit;\">\u2022 Carmen Velasco Portinho<\/span><\/span><\/span><\/span><\/span><\/span><\/span><\/span><\/span><\/span><\/span><\/span><\/span><\/span><\/strong><\/h4>\n<p><span style=\"vertical-align: inherit;\"><span style=\"vertical-align: inherit;\"><span style=\"vertical-align: inherit;\"><span style=\"vertical-align: inherit;\"><span style=\"vertical-align: inherit;\"><span style=\"vertical-align: inherit;\"><span style=\"vertical-align: inherit;\"><span style=\"vertical-align: inherit;\"><span style=\"vertical-align: inherit;\"><span style=\"vertical-align: inherit;\"><span style=\"vertical-align: inherit;\"><span style=\"vertical-align: inherit;\"><span style=\"vertical-align: inherit;\"><span style=\"vertical-align: inherit;\">Natural de Corumb\u00e1 (MS), Carmen nasceu no Brasil em 1903 e participou de v\u00e1rios projetos importantes. Formada pela Universidade Federal do Rio de Janeiro como Engenheira e Urbanista, participou das obras do Aterro do Flamengo, do Museu de Arte Moderna do Rio de Janeiro e os conjuntos habitacionais do Pedregulho e da G\u00e1vea. Infelizmente todo o m\u00e9rito por esses projetos ficou com seu colega arquiteto Afonso Eduardo Reidy, sendo reconhecida como coautora deles. Portinho tamb\u00e9m introduziu o conceito da moradia popular no Brasil e foi a terceira mulher a se formar em Engenharia no Brasil e a primeira mulher a receber o t\u00edtulo de Urbanista.<\/span><\/span><\/span><\/span><\/span><\/span><\/span><\/span><\/span><\/span><\/span><\/span><\/span><\/span><\/p>\n<figure id=\"attachment_16263\" aria-describedby=\"caption-attachment-16263\" style=\"width: 1200px\" class=\"wp-caption aligncenter\"><img loading=\"lazy\" decoding=\"async\" class=\"size-full wp-image-16263\" src=\"https:\/\/vinhedoscuiaba.com.br\/blog\/wp-content\/uploads\/2022\/03\/Carmem_Portinho_1953.jpg\" alt=\"\" width=\"1200\" height=\"769\" srcset=\"https:\/\/vinhedoscuiaba.com.br\/blog\/wp-content\/uploads\/2022\/03\/Carmem_Portinho_1953.jpg 1200w, https:\/\/vinhedoscuiaba.com.br\/blog\/wp-content\/uploads\/2022\/03\/Carmem_Portinho_1953-300x192.jpg 300w, https:\/\/vinhedoscuiaba.com.br\/blog\/wp-content\/uploads\/2022\/03\/Carmem_Portinho_1953-1024x656.jpg 1024w, https:\/\/vinhedoscuiaba.com.br\/blog\/wp-content\/uploads\/2022\/03\/Carmem_Portinho_1953-768x492.jpg 768w, https:\/\/vinhedoscuiaba.com.br\/blog\/wp-content\/uploads\/2022\/03\/Carmem_Portinho_1953-580x372.jpg 580w, https:\/\/vinhedoscuiaba.com.br\/blog\/wp-content\/uploads\/2022\/03\/Carmem_Portinho_1953-860x551.jpg 860w, https:\/\/vinhedoscuiaba.com.br\/blog\/wp-content\/uploads\/2022\/03\/Carmem_Portinho_1953-1160x743.jpg 1160w\" sizes=\"auto, (max-width: 1200px) 100vw, 1200px\" \/><figcaption id=\"caption-attachment-16263\" class=\"wp-caption-text\">Carmen Velasco Portinho<\/figcaption><\/figure>\n<h4><strong><span style=\"vertical-align: inherit;\"><span style=\"vertical-align: inherit;\"><span style=\"vertical-align: inherit;\"><span style=\"vertical-align: inherit;\"><span style=\"vertical-align: inherit;\"><span style=\"vertical-align: inherit;\"><span style=\"vertical-align: inherit;\"><span style=\"vertical-align: inherit;\"><span style=\"vertical-align: inherit;\"><span style=\"vertical-align: inherit;\"><span style=\"vertical-align: inherit;\"><span style=\"vertical-align: inherit;\"><span style=\"vertical-align: inherit;\"><span style=\"vertical-align: inherit;\">\u2022 Dora Alc\u00e2ntara<\/span><\/span><\/span><\/span><\/span><\/span><\/span><\/span><\/span><\/span><\/span><\/span><\/span><\/span><\/strong><\/h4>\n<p><span style=\"vertical-align: inherit;\"><span style=\"vertical-align: inherit;\"><span style=\"vertical-align: inherit;\"><span style=\"vertical-align: inherit;\"><span style=\"vertical-align: inherit;\"><span style=\"vertical-align: inherit;\"><span style=\"vertical-align: inherit;\"><span style=\"vertical-align: inherit;\"><span style=\"vertical-align: inherit;\"><span style=\"vertical-align: inherit;\"><span style=\"vertical-align: inherit;\"><span style=\"vertical-align: inherit;\"><span style=\"vertical-align: inherit;\"><span style=\"vertical-align: inherit;\">Graduada em 1957 na Faculdade Nacional de Arquitetura da Universidade do Brasil, a carioca se destaca pelos seus diversos estudos sobre a azulejaria nacional. Ela tamb\u00e9m foi professora universit\u00e1ria e participou de obras pelo Instituto do Patrim\u00f4nio Hist\u00f3rico e Art\u00edstico Nacional (IPHAN). Em 2019, tornou-se a segunda mulher da hist\u00f3ria a ganhar o Colar de Ouro, grande pr\u00eamio de arquitetura concedido pelo Instituto de Arquitetos do Brasil (IAB).<\/span><\/span><\/span><\/span><\/span><\/span><\/span><\/span><\/span><\/span><\/span><\/span><\/span><\/span><\/p>\n<p><img loading=\"lazy\" decoding=\"async\" class=\"size-full wp-image-16264 aligncenter\" src=\"https:\/\/vinhedoscuiaba.com.br\/blog\/wp-content\/uploads\/2022\/03\/Dora-02.jpeg\" alt=\"\" width=\"1200\" height=\"800\" srcset=\"https:\/\/vinhedoscuiaba.com.br\/blog\/wp-content\/uploads\/2022\/03\/Dora-02.jpeg 1200w, https:\/\/vinhedoscuiaba.com.br\/blog\/wp-content\/uploads\/2022\/03\/Dora-02-300x200.jpeg 300w, https:\/\/vinhedoscuiaba.com.br\/blog\/wp-content\/uploads\/2022\/03\/Dora-02-1024x683.jpeg 1024w, https:\/\/vinhedoscuiaba.com.br\/blog\/wp-content\/uploads\/2022\/03\/Dora-02-768x512.jpeg 768w, https:\/\/vinhedoscuiaba.com.br\/blog\/wp-content\/uploads\/2022\/03\/Dora-02-580x387.jpeg 580w, https:\/\/vinhedoscuiaba.com.br\/blog\/wp-content\/uploads\/2022\/03\/Dora-02-860x573.jpeg 860w, https:\/\/vinhedoscuiaba.com.br\/blog\/wp-content\/uploads\/2022\/03\/Dora-02-1160x773.jpeg 1160w\" sizes=\"auto, (max-width: 1200px) 100vw, 1200px\" \/><\/p>\n<h4><strong><span style=\"vertical-align: inherit;\"><span style=\"vertical-align: inherit;\"><span style=\"vertical-align: inherit;\"><span style=\"vertical-align: inherit;\"><span style=\"vertical-align: inherit;\"><span style=\"vertical-align: inherit;\"><span style=\"vertical-align: inherit;\"><span style=\"vertical-align: inherit;\"><span style=\"vertical-align: inherit;\"><span style=\"vertical-align: inherit;\"><span style=\"vertical-align: inherit;\"><span style=\"vertical-align: inherit;\"><span style=\"vertical-align: inherit;\"><span style=\"vertical-align: inherit;\">\u2022 Lina Bo Bardi<\/span><\/span><\/span><\/span><\/span><\/span><\/span><\/span><\/span><\/span><\/span><\/span><\/span><\/span><\/strong><\/h4>\n<p><span style=\"vertical-align: inherit;\"><span style=\"vertical-align: inherit;\"><span style=\"vertical-align: inherit;\"><span style=\"vertical-align: inherit;\"><span style=\"vertical-align: inherit;\"><span style=\"vertical-align: inherit;\"><span style=\"vertical-align: inherit;\"><span style=\"vertical-align: inherit;\"><span style=\"vertical-align: inherit;\"><span style=\"vertical-align: inherit;\"><span style=\"vertical-align: inherit;\"><span style=\"vertical-align: inherit;\"><span style=\"vertical-align: inherit;\"><span style=\"vertical-align: inherit;\">Uma das arquitetas brasileiras mais conhecidas no mundo, Lina nasceu na It\u00e1lia, em 1914. Ap\u00f3s a Segunda Guerra Mundial veio com o marido, Pietro Maria Bardi, para o Brasil. Ao lado dele, ela projetou pr\u00e9dios ousados que mesclaram o modernismo com o populismo, tais como o Museu de Arte de S\u00e3o Paulo (MASP), s\u00edmbolo arquitet\u00f4nico de S\u00e3o Paulo e um dos museus mais importantes da Am\u00e9rica Latina. Entre suas obras de destaque tamb\u00e9m est\u00e3o o Museu de Arte Moderna no Solar do Unh\u00e3o, em Salvador, a Casa de Vidro e o SESC Pompeia, ambos na capital paulista.<\/span><\/span><\/span><\/span><\/span><\/span><\/span><\/span><\/span><\/span><\/span><\/span><\/span><\/span><\/p>\n<figure id=\"attachment_16266\" aria-describedby=\"caption-attachment-16266\" style=\"width: 1200px\" class=\"wp-caption aligncenter\"><img loading=\"lazy\" decoding=\"async\" class=\"wp-image-16266 size-full\" src=\"https:\/\/vinhedoscuiaba.com.br\/blog\/wp-content\/uploads\/2022\/03\/iStock-1313931648.jpg\" alt=\"\" width=\"1200\" height=\"800\" srcset=\"https:\/\/vinhedoscuiaba.com.br\/blog\/wp-content\/uploads\/2022\/03\/iStock-1313931648.jpg 1200w, https:\/\/vinhedoscuiaba.com.br\/blog\/wp-content\/uploads\/2022\/03\/iStock-1313931648-300x200.jpg 300w, https:\/\/vinhedoscuiaba.com.br\/blog\/wp-content\/uploads\/2022\/03\/iStock-1313931648-1024x683.jpg 1024w, https:\/\/vinhedoscuiaba.com.br\/blog\/wp-content\/uploads\/2022\/03\/iStock-1313931648-768x512.jpg 768w, https:\/\/vinhedoscuiaba.com.br\/blog\/wp-content\/uploads\/2022\/03\/iStock-1313931648-580x387.jpg 580w, https:\/\/vinhedoscuiaba.com.br\/blog\/wp-content\/uploads\/2022\/03\/iStock-1313931648-860x573.jpg 860w, https:\/\/vinhedoscuiaba.com.br\/blog\/wp-content\/uploads\/2022\/03\/iStock-1313931648-1160x773.jpg 1160w\" sizes=\"auto, (max-width: 1200px) 100vw, 1200px\" \/><figcaption id=\"caption-attachment-16266\" class=\"wp-caption-text\">MASP, uma das obras mais conhecidas de Lina Bo Bardi<\/figcaption><\/figure>\n<h4><strong><span style=\"vertical-align: inherit;\"><span style=\"vertical-align: inherit;\"><span style=\"vertical-align: inherit;\"><span style=\"vertical-align: inherit;\"><span style=\"vertical-align: inherit;\"><span style=\"vertical-align: inherit;\"><span style=\"vertical-align: inherit;\"><span style=\"vertical-align: inherit;\"><span style=\"vertical-align: inherit;\"><span style=\"vertical-align: inherit;\"><span style=\"vertical-align: inherit;\"><span style=\"vertical-align: inherit;\"><span style=\"vertical-align: inherit;\"><span style=\"vertical-align: inherit;\">\u2022 Rosa Grena Kliass<\/span><\/span><\/span><\/span><\/span><\/span><\/span><\/span><\/span><\/span><\/span><\/span><\/span><\/span><\/strong><\/h4>\n<p><span style=\"vertical-align: inherit;\"><span style=\"vertical-align: inherit;\"><span style=\"vertical-align: inherit;\"><span style=\"vertical-align: inherit;\"><span style=\"vertical-align: inherit;\"><span style=\"vertical-align: inherit;\"><span style=\"vertical-align: inherit;\"><span style=\"vertical-align: inherit;\"><span style=\"vertical-align: inherit;\"><span style=\"vertical-align: inherit;\"><span style=\"vertical-align: inherit;\"><span style=\"vertical-align: inherit;\"><span style=\"vertical-align: inherit;\"><span style=\"vertical-align: inherit;\">Considerada a primeira mulher paisagista do Brasil, estudou arquitetura na USP na d\u00e9cada de 1950. Natural de S\u00e3o Roque, no interior paulista, ela \u00e9 fundadora da Associa\u00e7\u00e3o Brasileira de Arquitetos Paisagistas (ABAP). Ao longo da carreira, defendeu fortemente a constru\u00e7\u00e3o de jardins e parques verdes nas cidades grandes, e entre suas obras famosas est\u00e3o a revitaliza\u00e7\u00e3o do Vale do Anhangaba\u00fa, nos anos 1980, e projeto paisag\u00edstico da Avenida Paulista, al\u00e9m de outras constru\u00e7\u00f5es espalhadas pelo Brasil. Em 2019, Rosa foi a primeira mulher da hist\u00f3ria a receber o Colar de Ouro pelo IAB.<\/span><\/span><\/span><\/span><\/span><\/span><\/span><\/span><\/span><\/span><\/span><\/span><\/span><\/span><\/p>\n<figure id=\"attachment_16267\" aria-describedby=\"caption-attachment-16267\" style=\"width: 1200px\" class=\"wp-caption aligncenter\"><img loading=\"lazy\" decoding=\"async\" class=\"wp-image-16267 size-full\" src=\"https:\/\/vinhedoscuiaba.com.br\/blog\/wp-content\/uploads\/2022\/03\/rk1-1.jpeg\" alt=\"\" width=\"1200\" height=\"800\" srcset=\"https:\/\/vinhedoscuiaba.com.br\/blog\/wp-content\/uploads\/2022\/03\/rk1-1.jpeg 1200w, https:\/\/vinhedoscuiaba.com.br\/blog\/wp-content\/uploads\/2022\/03\/rk1-1-300x200.jpeg 300w, https:\/\/vinhedoscuiaba.com.br\/blog\/wp-content\/uploads\/2022\/03\/rk1-1-1024x683.jpeg 1024w, https:\/\/vinhedoscuiaba.com.br\/blog\/wp-content\/uploads\/2022\/03\/rk1-1-768x512.jpeg 768w, https:\/\/vinhedoscuiaba.com.br\/blog\/wp-content\/uploads\/2022\/03\/rk1-1-580x387.jpeg 580w, https:\/\/vinhedoscuiaba.com.br\/blog\/wp-content\/uploads\/2022\/03\/rk1-1-860x573.jpeg 860w, https:\/\/vinhedoscuiaba.com.br\/blog\/wp-content\/uploads\/2022\/03\/rk1-1-1160x773.jpeg 1160w\" sizes=\"auto, (max-width: 1200px) 100vw, 1200px\" \/><figcaption id=\"caption-attachment-16267\" class=\"wp-caption-text\">Rosa Grena Kliass<\/figcaption><\/figure>\n<h4><strong><span style=\"vertical-align: inherit;\"><span style=\"vertical-align: inherit;\"><span style=\"vertical-align: inherit;\"><span style=\"vertical-align: inherit;\"><span style=\"vertical-align: inherit;\"><span style=\"vertical-align: inherit;\"><span style=\"vertical-align: inherit;\"><span style=\"vertical-align: inherit;\"><span style=\"vertical-align: inherit;\"><span style=\"vertical-align: inherit;\"><span style=\"vertical-align: inherit;\"><span style=\"vertical-align: inherit;\"><span style=\"vertical-align: inherit;\"><span style=\"vertical-align: inherit;\">\u2022 Enedina Alves Marques<\/span><\/span><\/span><\/span><\/span><\/span><\/span><\/span><\/span><\/span><\/span><\/span><\/span><\/span><\/strong><\/h4>\n<p><span style=\"vertical-align: inherit;\"><span style=\"vertical-align: inherit;\"><span style=\"vertical-align: inherit;\"><span style=\"vertical-align: inherit;\"><span style=\"vertical-align: inherit;\"><span style=\"vertical-align: inherit;\"><span style=\"vertical-align: inherit;\"><span style=\"vertical-align: inherit;\"><span style=\"vertical-align: inherit;\"><span style=\"vertical-align: inherit;\"><span style=\"vertical-align: inherit;\"><span style=\"vertical-align: inherit;\"><span style=\"vertical-align: inherit;\"><span style=\"vertical-align: inherit;\">Foi a primeira mulher negra a se formar em engenharia no Brasil e a primeira engenheira no sul do pa\u00eds. Depois de se formar, atuou em diversas empresas, tendo chefiado outros t\u00e9cnicos e engenheiros. Gerenciou obras e, mais do que tudo, fez-se respeitada diante de um ambiente muitas vezes preconceituoso. Hoje, tem seu nome no Livro do M\u00e9rito do Sistema Confea\/Crea.<\/span><\/span><\/span><\/span><\/span><\/span><\/span><\/span><\/span><\/span><\/span><\/span><\/span><\/span><\/p>\n<figure id=\"attachment_16268\" aria-describedby=\"caption-attachment-16268\" style=\"width: 1366px\" class=\"wp-caption aligncenter\"><img loading=\"lazy\" decoding=\"async\" class=\"size-full wp-image-16268\" src=\"https:\/\/vinhedoscuiaba.com.br\/blog\/wp-content\/uploads\/2022\/03\/1_BPAgKtk5Ap-Lti4YO0fk-g.jpeg\" alt=\"\" width=\"1366\" height=\"768\" srcset=\"https:\/\/vinhedoscuiaba.com.br\/blog\/wp-content\/uploads\/2022\/03\/1_BPAgKtk5Ap-Lti4YO0fk-g.jpeg 1366w, https:\/\/vinhedoscuiaba.com.br\/blog\/wp-content\/uploads\/2022\/03\/1_BPAgKtk5Ap-Lti4YO0fk-g-300x169.jpeg 300w, https:\/\/vinhedoscuiaba.com.br\/blog\/wp-content\/uploads\/2022\/03\/1_BPAgKtk5Ap-Lti4YO0fk-g-1024x576.jpeg 1024w, https:\/\/vinhedoscuiaba.com.br\/blog\/wp-content\/uploads\/2022\/03\/1_BPAgKtk5Ap-Lti4YO0fk-g-768x432.jpeg 768w, https:\/\/vinhedoscuiaba.com.br\/blog\/wp-content\/uploads\/2022\/03\/1_BPAgKtk5Ap-Lti4YO0fk-g-580x326.jpeg 580w, https:\/\/vinhedoscuiaba.com.br\/blog\/wp-content\/uploads\/2022\/03\/1_BPAgKtk5Ap-Lti4YO0fk-g-860x484.jpeg 860w, https:\/\/vinhedoscuiaba.com.br\/blog\/wp-content\/uploads\/2022\/03\/1_BPAgKtk5Ap-Lti4YO0fk-g-1160x652.jpeg 1160w, https:\/\/vinhedoscuiaba.com.br\/blog\/wp-content\/uploads\/2022\/03\/1_BPAgKtk5Ap-Lti4YO0fk-g-1320x742.jpeg 1320w\" sizes=\"auto, (max-width: 1366px) 100vw, 1366px\" \/><figcaption id=\"caption-attachment-16268\" class=\"wp-caption-text\">Enedina Alves Marques<\/figcaption><\/figure>\n<h4><strong><span style=\"vertical-align: inherit;\"><span style=\"vertical-align: inherit;\"><span style=\"vertical-align: inherit;\"><span style=\"vertical-align: inherit;\"><span style=\"vertical-align: inherit;\"><span style=\"vertical-align: inherit;\"><span style=\"vertical-align: inherit;\"><span style=\"vertical-align: inherit;\"><span style=\"vertical-align: inherit;\"><span style=\"vertical-align: inherit;\"><span style=\"vertical-align: inherit;\"><span style=\"vertical-align: inherit;\"><span style=\"vertical-align: inherit;\"><span style=\"vertical-align: inherit;\">\u2022 Mayumi Watanabe Souza Lima<\/span><\/span><\/span><\/span><\/span><\/span><\/span><\/span><\/span><\/span><\/span><\/span><\/span><\/span><\/strong><\/h4>\n<p><span style=\"vertical-align: inherit;\"><span style=\"vertical-align: inherit;\"><span style=\"vertical-align: inherit;\"><span style=\"vertical-align: inherit;\"><span style=\"vertical-align: inherit;\"><span style=\"vertical-align: inherit;\"><span style=\"vertical-align: inherit;\"><span style=\"vertical-align: inherit;\"><span style=\"vertical-align: inherit;\"><span style=\"vertical-align: inherit;\"><span style=\"vertical-align: inherit;\"><span style=\"vertical-align: inherit;\"><span style=\"vertical-align: inherit;\"><span style=\"vertical-align: inherit;\">Natural de T\u00f3quio, no Jap\u00e3o, veio ainda pequena para o Brasil e estudou na Faculdade de Arquitetura e Urbanismo da Universidade de S\u00e3o Paulo (USP). Ela estagiou com Lina Bo Bardi, e decidiu focar a carreira para desenvolver equipamentos p\u00fablicos voltados para a educa\u00e7\u00e3o. Foi casada com o arquiteto S\u00e9rgio Souza Lima, com quem chegou a projetar escolas p\u00fablicas e resid\u00eancias, al\u00e9m de tamb\u00e9m ter sido professora universit\u00e1ria e de ter publicado diversos livros sobre arquitetura e educa\u00e7\u00e3o.<\/span><\/span><\/span><\/span><\/span><\/span><\/span><\/span><\/span><\/span><\/span><\/span><\/span><\/span><\/p>\n<figure id=\"attachment_16269\" aria-describedby=\"caption-attachment-16269\" style=\"width: 673px\" class=\"wp-caption aligncenter\"><img loading=\"lazy\" decoding=\"async\" class=\"size-full wp-image-16269\" src=\"https:\/\/vinhedoscuiaba.com.br\/blog\/wp-content\/uploads\/2022\/03\/mayumi-watanabe-de-souza-lima.jpg\" alt=\"\" width=\"673\" height=\"596\" srcset=\"https:\/\/vinhedoscuiaba.com.br\/blog\/wp-content\/uploads\/2022\/03\/mayumi-watanabe-de-souza-lima.jpg 673w, https:\/\/vinhedoscuiaba.com.br\/blog\/wp-content\/uploads\/2022\/03\/mayumi-watanabe-de-souza-lima-300x266.jpg 300w, https:\/\/vinhedoscuiaba.com.br\/blog\/wp-content\/uploads\/2022\/03\/mayumi-watanabe-de-souza-lima-580x514.jpg 580w\" sizes=\"auto, (max-width: 673px) 100vw, 673px\" \/><figcaption id=\"caption-attachment-16269\" class=\"wp-caption-text\">Mayumi Watanabe Souza Lima<\/figcaption><\/figure>\n<h4><strong><span style=\"vertical-align: inherit;\"><span style=\"vertical-align: inherit;\"><span style=\"vertical-align: inherit;\"><span style=\"vertical-align: inherit;\"><span style=\"vertical-align: inherit;\"><span style=\"vertical-align: inherit;\"><span style=\"vertical-align: inherit;\"><span style=\"vertical-align: inherit;\"><span style=\"vertical-align: inherit;\"><span style=\"vertical-align: inherit;\"><span style=\"vertical-align: inherit;\"><span style=\"vertical-align: inherit;\"><span style=\"vertical-align: inherit;\"><span style=\"vertical-align: inherit;\">Arquitetura no Vinhedos<\/span><\/span><\/span><\/span><\/span><\/span><\/span><\/span><\/span><\/span><\/span><\/span><\/span><\/span><\/strong><\/h4>\n<p><span style=\"vertical-align: inherit;\"><span style=\"vertical-align: inherit;\"><span style=\"vertical-align: inherit;\"><span style=\"vertical-align: inherit;\"><span style=\"vertical-align: inherit;\"><span style=\"vertical-align: inherit;\"><span style=\"vertical-align: inherit;\"><span style=\"vertical-align: inherit;\"><span style=\"vertical-align: inherit;\"><span style=\"vertical-align: inherit;\"><span style=\"vertical-align: inherit;\"><span style=\"vertical-align: inherit;\"><span style=\"vertical-align: inherit;\"><span style=\"vertical-align: inherit;\">O trabalho de arquitetas e arquitetos \u00e9 muito valorizado no blog Vinhedos Cuiab\u00e1. H\u00e1 <\/span><\/span><\/span><\/span><\/span><\/span><\/span><\/span><span style=\"color: #993366;\"><a style=\"color: #993366;\" href=\"https:\/\/vinhedoscuiaba.com.br\/blog\/arquiteta-juliana-cascaes\/\" target=\"_blank\" rel=\"noopener\"><span style=\"vertical-align: inherit;\"><span style=\"vertical-align: inherit;\"><span style=\"vertical-align: inherit;\"><span style=\"vertical-align: inherit;\"><span style=\"vertical-align: inherit;\"><span style=\"vertical-align: inherit;\"><span style=\"vertical-align: inherit;\"><span style=\"vertical-align: inherit;\">entrevistas <\/span><\/span><\/span><\/span><\/span><\/span><\/span><\/span><\/a><\/span><span style=\"vertical-align: inherit;\"><span style=\"vertical-align: inherit;\"><span style=\"vertical-align: inherit;\"><span style=\"vertical-align: inherit;\"><span style=\"vertical-align: inherit;\"><span style=\"vertical-align: inherit;\"><span style=\"vertical-align: inherit;\"><span style=\"vertical-align: inherit;\">com importantes profissionais da \u00e1rea arquitet\u00f4nica, explicando seus conceitos, inspira\u00e7\u00f5es e modo de trabalhar, al\u00e9m de imagens do portf\u00f3lio para inspirar os futuros moradores do bairro.<\/span><\/span><\/span><\/span><\/span><\/span><\/span><\/span><\/span><\/span><\/span><\/span><\/span><\/span><\/p>\n<p>&nbsp;<\/p>\n<\/div>\n<\/div><\/div>\n<\/div>\n<\/div>\n<\/div>\n<\/div>\n<\/div>\n\n","protected":false},"excerpt":{"rendered":"<p>Em homenagem ao M\u00eas da Mulher, apresentamos algumas das principais profissionais que projetaram obras inesquec\u00edveis e marcantes para o setor arquitet\u00f4nico no pa\u00eds<\/p>\n","protected":false},"author":8,"featured_media":16265,"comment_status":"closed","ping_status":"closed","sticky":false,"template":"","format":"standard","meta":{"footnotes":""},"categories":[35],"tags":[126,180,42,181],"class_list":["post-16259","post","type-post","status-publish","format-standard","has-post-thumbnail","hentry","category-urbanismo","tag-arquiteta","tag-arquitetas-brasileiras","tag-arquitetura","tag-dia-internacional-da-mulher"],"yoast_head":"<!-- This site is optimized with the Yoast SEO plugin v20.10 - https:\/\/yoast.com\/wordpress\/plugins\/seo\/ -->\n<title>O legado das mulheres brasileiras na Arquitetura | Blog Vinhedos<\/title>\n<meta name=\"description\" content=\"As principais profissionais brasileiras na Arquitetura, que projetaram obras inesquec\u00edveis e marcantes para este setor do pa\u00eds\" \/>\n<meta name=\"robots\" content=\"index, follow, max-snippet:-1, max-image-preview:large, max-video-preview:-1\" \/>\n<link rel=\"canonical\" href=\"https:\/\/vinhedoscuiaba.com.br\/blog\/o-legado-das-mulheres-brasileiras-na-arquitetura\/\" \/>\n<meta property=\"og:locale\" content=\"pt_BR\" \/>\n<meta property=\"og:type\" content=\"article\" \/>\n<meta property=\"og:title\" content=\"O legado das mulheres brasileiras na Arquitetura | Blog Vinhedos\" \/>\n<meta property=\"og:description\" content=\"As principais profissionais brasileiras na Arquitetura, que projetaram obras inesquec\u00edveis e marcantes para este setor do pa\u00eds\" \/>\n<meta property=\"og:url\" content=\"https:\/\/vinhedoscuiaba.com.br\/blog\/o-legado-das-mulheres-brasileiras-na-arquitetura\/\" \/>\n<meta property=\"og:site_name\" content=\"Blog Vinhedos\" \/>\n<meta property=\"article:publisher\" content=\"https:\/\/www.facebook.com\/vinhedoscuiaba\" \/>\n<meta property=\"article:published_time\" content=\"2022-03-14T19:30:03+00:00\" \/>\n<meta property=\"og:image\" content=\"https:\/\/vinhedoscuiaba.com.br\/blog\/wp-content\/uploads\/2022\/03\/lina-bo-bardi-na-casa-de-vidro-projeto-de-lina-bo-bardi_-1952-fotografia-de_84849985.jpeg\" \/>\n\t<meta property=\"og:image:width\" content=\"1200\" \/>\n\t<meta property=\"og:image:height\" content=\"1195\" \/>\n\t<meta property=\"og:image:type\" content=\"image\/jpeg\" \/>\n<meta name=\"author\" content=\"Lara Eduarda Castro\" \/>\n<meta name=\"twitter:card\" content=\"summary_large_image\" \/>\n<meta name=\"twitter:label1\" content=\"Escrito por\" \/>\n\t<meta name=\"twitter:data1\" content=\"Lara Eduarda Castro\" \/>\n\t<meta name=\"twitter:label2\" content=\"Est. tempo de leitura\" \/>\n\t<meta name=\"twitter:data2\" content=\"7 minutos\" \/>\n<script type=\"application\/ld+json\" class=\"yoast-schema-graph\">{\"@context\":\"https:\/\/schema.org\",\"@graph\":[{\"@type\":\"Article\",\"@id\":\"https:\/\/vinhedoscuiaba.com.br\/blog\/o-legado-das-mulheres-brasileiras-na-arquitetura\/#article\",\"isPartOf\":{\"@id\":\"https:\/\/vinhedoscuiaba.com.br\/blog\/o-legado-das-mulheres-brasileiras-na-arquitetura\/\"},\"author\":{\"name\":\"Lara Eduarda Castro\",\"@id\":\"https:\/\/vinhedoscuiaba.com.br\/blog\/#\/schema\/person\/c7a19da73e7b17b0ddeb17319f7ce77f\"},\"headline\":\"O legado das mulheres brasileiras na Arquitetura\",\"datePublished\":\"2022-03-14T19:30:03+00:00\",\"dateModified\":\"2022-03-14T19:30:03+00:00\",\"mainEntityOfPage\":{\"@id\":\"https:\/\/vinhedoscuiaba.com.br\/blog\/o-legado-das-mulheres-brasileiras-na-arquitetura\/\"},\"wordCount\":1215,\"publisher\":{\"@id\":\"https:\/\/vinhedoscuiaba.com.br\/blog\/#organization\"},\"keywords\":[\"arquiteta\",\"arquitetas brasileiras\",\"arquitetura\",\"dia internacional da mulher\"],\"articleSection\":[\"Urbanismo\"],\"inLanguage\":\"pt-BR\"},{\"@type\":\"WebPage\",\"@id\":\"https:\/\/vinhedoscuiaba.com.br\/blog\/o-legado-das-mulheres-brasileiras-na-arquitetura\/\",\"url\":\"https:\/\/vinhedoscuiaba.com.br\/blog\/o-legado-das-mulheres-brasileiras-na-arquitetura\/\",\"name\":\"O legado das mulheres brasileiras na Arquitetura | Blog Vinhedos\",\"isPartOf\":{\"@id\":\"https:\/\/vinhedoscuiaba.com.br\/blog\/#website\"},\"datePublished\":\"2022-03-14T19:30:03+00:00\",\"dateModified\":\"2022-03-14T19:30:03+00:00\",\"description\":\"As principais profissionais brasileiras na Arquitetura, que projetaram obras inesquec\u00edveis e marcantes para este setor do pa\u00eds\",\"breadcrumb\":{\"@id\":\"https:\/\/vinhedoscuiaba.com.br\/blog\/o-legado-das-mulheres-brasileiras-na-arquitetura\/#breadcrumb\"},\"inLanguage\":\"pt-BR\",\"potentialAction\":[{\"@type\":\"ReadAction\",\"target\":[\"https:\/\/vinhedoscuiaba.com.br\/blog\/o-legado-das-mulheres-brasileiras-na-arquitetura\/\"]}]},{\"@type\":\"BreadcrumbList\",\"@id\":\"https:\/\/vinhedoscuiaba.com.br\/blog\/o-legado-das-mulheres-brasileiras-na-arquitetura\/#breadcrumb\",\"itemListElement\":[{\"@type\":\"ListItem\",\"position\":1,\"name\":\"Home\",\"item\":\"https:\/\/vinhedoscuiaba.com.br\/blog\/\"},{\"@type\":\"ListItem\",\"position\":2,\"name\":\"O legado das mulheres brasileiras na Arquitetura\"}]},{\"@type\":\"WebSite\",\"@id\":\"https:\/\/vinhedoscuiaba.com.br\/blog\/#website\",\"url\":\"https:\/\/vinhedoscuiaba.com.br\/blog\/\",\"name\":\"Blog Vinhedos\",\"description\":\"O Melhor Bairro na Regi\u00e3o do Santa Rosa\",\"publisher\":{\"@id\":\"https:\/\/vinhedoscuiaba.com.br\/blog\/#organization\"},\"potentialAction\":[{\"@type\":\"SearchAction\",\"target\":{\"@type\":\"EntryPoint\",\"urlTemplate\":\"https:\/\/vinhedoscuiaba.com.br\/blog\/?s={search_term_string}\"},\"query-input\":\"required name=search_term_string\"}],\"inLanguage\":\"pt-BR\"},{\"@type\":\"Organization\",\"@id\":\"https:\/\/vinhedoscuiaba.com.br\/blog\/#organization\",\"name\":\"Abitte Urbanismo\",\"url\":\"https:\/\/vinhedoscuiaba.com.br\/blog\/\",\"logo\":{\"@type\":\"ImageObject\",\"inLanguage\":\"pt-BR\",\"@id\":\"https:\/\/vinhedoscuiaba.com.br\/blog\/#\/schema\/logo\/image\/\",\"url\":\"https:\/\/vinhedoscuiaba.com.br\/blog\/wp-content\/uploads\/2021\/06\/abitte.png\",\"contentUrl\":\"https:\/\/vinhedoscuiaba.com.br\/blog\/wp-content\/uploads\/2021\/06\/abitte.png\",\"width\":153,\"height\":54,\"caption\":\"Abitte Urbanismo\"},\"image\":{\"@id\":\"https:\/\/vinhedoscuiaba.com.br\/blog\/#\/schema\/logo\/image\/\"},\"sameAs\":[\"https:\/\/www.facebook.com\/vinhedoscuiaba\",\"https:\/\/www.instagram.com\/vinhedoscuiaba\/\",\"https:\/\/www.youtube.com\/channel\/UCOSO5ETtBV3uPVlckHQotyg\"]},{\"@type\":\"Person\",\"@id\":\"https:\/\/vinhedoscuiaba.com.br\/blog\/#\/schema\/person\/c7a19da73e7b17b0ddeb17319f7ce77f\",\"name\":\"Lara Eduarda Castro\",\"image\":{\"@type\":\"ImageObject\",\"inLanguage\":\"pt-BR\",\"@id\":\"https:\/\/vinhedoscuiaba.com.br\/blog\/#\/schema\/person\/image\/\",\"url\":\"https:\/\/secure.gravatar.com\/avatar\/2b3f44cbbd2c8bcb94cc31d15030ac111970dcb1cd0d2f129a77332106740eac?s=96&d=mm&r=g\",\"contentUrl\":\"https:\/\/secure.gravatar.com\/avatar\/2b3f44cbbd2c8bcb94cc31d15030ac111970dcb1cd0d2f129a77332106740eac?s=96&d=mm&r=g\",\"caption\":\"Lara Eduarda Castro\"}}]}<\/script>\n<!-- \/ Yoast SEO plugin. -->","yoast_head_json":{"title":"O legado das mulheres brasileiras na Arquitetura | Blog Vinhedos","description":"As principais profissionais brasileiras na Arquitetura, que projetaram obras inesquec\u00edveis e marcantes para este setor do pa\u00eds","robots":{"index":"index","follow":"follow","max-snippet":"max-snippet:-1","max-image-preview":"max-image-preview:large","max-video-preview":"max-video-preview:-1"},"canonical":"https:\/\/vinhedoscuiaba.com.br\/blog\/o-legado-das-mulheres-brasileiras-na-arquitetura\/","og_locale":"pt_BR","og_type":"article","og_title":"O legado das mulheres brasileiras na Arquitetura | Blog Vinhedos","og_description":"As principais profissionais brasileiras na Arquitetura, que projetaram obras inesquec\u00edveis e marcantes para este setor do pa\u00eds","og_url":"https:\/\/vinhedoscuiaba.com.br\/blog\/o-legado-das-mulheres-brasileiras-na-arquitetura\/","og_site_name":"Blog Vinhedos","article_publisher":"https:\/\/www.facebook.com\/vinhedoscuiaba","article_published_time":"2022-03-14T19:30:03+00:00","og_image":[{"width":1200,"height":1195,"url":"https:\/\/vinhedoscuiaba.com.br\/blog\/wp-content\/uploads\/2022\/03\/lina-bo-bardi-na-casa-de-vidro-projeto-de-lina-bo-bardi_-1952-fotografia-de_84849985.jpeg","type":"image\/jpeg"}],"author":"Lara Eduarda Castro","twitter_card":"summary_large_image","twitter_misc":{"Escrito por":"Lara Eduarda Castro","Est. tempo de leitura":"7 minutos"},"schema":{"@context":"https:\/\/schema.org","@graph":[{"@type":"Article","@id":"https:\/\/vinhedoscuiaba.com.br\/blog\/o-legado-das-mulheres-brasileiras-na-arquitetura\/#article","isPartOf":{"@id":"https:\/\/vinhedoscuiaba.com.br\/blog\/o-legado-das-mulheres-brasileiras-na-arquitetura\/"},"author":{"name":"Lara Eduarda Castro","@id":"https:\/\/vinhedoscuiaba.com.br\/blog\/#\/schema\/person\/c7a19da73e7b17b0ddeb17319f7ce77f"},"headline":"O legado das mulheres brasileiras na Arquitetura","datePublished":"2022-03-14T19:30:03+00:00","dateModified":"2022-03-14T19:30:03+00:00","mainEntityOfPage":{"@id":"https:\/\/vinhedoscuiaba.com.br\/blog\/o-legado-das-mulheres-brasileiras-na-arquitetura\/"},"wordCount":1215,"publisher":{"@id":"https:\/\/vinhedoscuiaba.com.br\/blog\/#organization"},"keywords":["arquiteta","arquitetas brasileiras","arquitetura","dia internacional da mulher"],"articleSection":["Urbanismo"],"inLanguage":"pt-BR"},{"@type":"WebPage","@id":"https:\/\/vinhedoscuiaba.com.br\/blog\/o-legado-das-mulheres-brasileiras-na-arquitetura\/","url":"https:\/\/vinhedoscuiaba.com.br\/blog\/o-legado-das-mulheres-brasileiras-na-arquitetura\/","name":"O legado das mulheres brasileiras na Arquitetura | Blog Vinhedos","isPartOf":{"@id":"https:\/\/vinhedoscuiaba.com.br\/blog\/#website"},"datePublished":"2022-03-14T19:30:03+00:00","dateModified":"2022-03-14T19:30:03+00:00","description":"As principais profissionais brasileiras na Arquitetura, que projetaram obras inesquec\u00edveis e marcantes para este setor do pa\u00eds","breadcrumb":{"@id":"https:\/\/vinhedoscuiaba.com.br\/blog\/o-legado-das-mulheres-brasileiras-na-arquitetura\/#breadcrumb"},"inLanguage":"pt-BR","potentialAction":[{"@type":"ReadAction","target":["https:\/\/vinhedoscuiaba.com.br\/blog\/o-legado-das-mulheres-brasileiras-na-arquitetura\/"]}]},{"@type":"BreadcrumbList","@id":"https:\/\/vinhedoscuiaba.com.br\/blog\/o-legado-das-mulheres-brasileiras-na-arquitetura\/#breadcrumb","itemListElement":[{"@type":"ListItem","position":1,"name":"Home","item":"https:\/\/vinhedoscuiaba.com.br\/blog\/"},{"@type":"ListItem","position":2,"name":"O legado das mulheres brasileiras na Arquitetura"}]},{"@type":"WebSite","@id":"https:\/\/vinhedoscuiaba.com.br\/blog\/#website","url":"https:\/\/vinhedoscuiaba.com.br\/blog\/","name":"Blog Vinhedos","description":"O Melhor Bairro na Regi\u00e3o do Santa Rosa","publisher":{"@id":"https:\/\/vinhedoscuiaba.com.br\/blog\/#organization"},"potentialAction":[{"@type":"SearchAction","target":{"@type":"EntryPoint","urlTemplate":"https:\/\/vinhedoscuiaba.com.br\/blog\/?s={search_term_string}"},"query-input":"required name=search_term_string"}],"inLanguage":"pt-BR"},{"@type":"Organization","@id":"https:\/\/vinhedoscuiaba.com.br\/blog\/#organization","name":"Abitte Urbanismo","url":"https:\/\/vinhedoscuiaba.com.br\/blog\/","logo":{"@type":"ImageObject","inLanguage":"pt-BR","@id":"https:\/\/vinhedoscuiaba.com.br\/blog\/#\/schema\/logo\/image\/","url":"https:\/\/vinhedoscuiaba.com.br\/blog\/wp-content\/uploads\/2021\/06\/abitte.png","contentUrl":"https:\/\/vinhedoscuiaba.com.br\/blog\/wp-content\/uploads\/2021\/06\/abitte.png","width":153,"height":54,"caption":"Abitte Urbanismo"},"image":{"@id":"https:\/\/vinhedoscuiaba.com.br\/blog\/#\/schema\/logo\/image\/"},"sameAs":["https:\/\/www.facebook.com\/vinhedoscuiaba","https:\/\/www.instagram.com\/vinhedoscuiaba\/","https:\/\/www.youtube.com\/channel\/UCOSO5ETtBV3uPVlckHQotyg"]},{"@type":"Person","@id":"https:\/\/vinhedoscuiaba.com.br\/blog\/#\/schema\/person\/c7a19da73e7b17b0ddeb17319f7ce77f","name":"Lara Eduarda Castro","image":{"@type":"ImageObject","inLanguage":"pt-BR","@id":"https:\/\/vinhedoscuiaba.com.br\/blog\/#\/schema\/person\/image\/","url":"https:\/\/secure.gravatar.com\/avatar\/2b3f44cbbd2c8bcb94cc31d15030ac111970dcb1cd0d2f129a77332106740eac?s=96&d=mm&r=g","contentUrl":"https:\/\/secure.gravatar.com\/avatar\/2b3f44cbbd2c8bcb94cc31d15030ac111970dcb1cd0d2f129a77332106740eac?s=96&d=mm&r=g","caption":"Lara Eduarda Castro"}}]}},"_links":{"self":[{"href":"https:\/\/vinhedoscuiaba.com.br\/blog\/wp-json\/wp\/v2\/posts\/16259","targetHints":{"allow":["GET"]}}],"collection":[{"href":"https:\/\/vinhedoscuiaba.com.br\/blog\/wp-json\/wp\/v2\/posts"}],"about":[{"href":"https:\/\/vinhedoscuiaba.com.br\/blog\/wp-json\/wp\/v2\/types\/post"}],"author":[{"embeddable":true,"href":"https:\/\/vinhedoscuiaba.com.br\/blog\/wp-json\/wp\/v2\/users\/8"}],"replies":[{"embeddable":true,"href":"https:\/\/vinhedoscuiaba.com.br\/blog\/wp-json\/wp\/v2\/comments?post=16259"}],"version-history":[{"count":0,"href":"https:\/\/vinhedoscuiaba.com.br\/blog\/wp-json\/wp\/v2\/posts\/16259\/revisions"}],"wp:featuredmedia":[{"embeddable":true,"href":"https:\/\/vinhedoscuiaba.com.br\/blog\/wp-json\/wp\/v2\/media\/16265"}],"wp:attachment":[{"href":"https:\/\/vinhedoscuiaba.com.br\/blog\/wp-json\/wp\/v2\/media?parent=16259"}],"wp:term":[{"taxonomy":"category","embeddable":true,"href":"https:\/\/vinhedoscuiaba.com.br\/blog\/wp-json\/wp\/v2\/categories?post=16259"},{"taxonomy":"post_tag","embeddable":true,"href":"https:\/\/vinhedoscuiaba.com.br\/blog\/wp-json\/wp\/v2\/tags?post=16259"}],"curies":[{"name":"wp","href":"https:\/\/api.w.org\/{rel}","templated":true}]}}