{"id":16775,"date":"2022-07-27T10:09:51","date_gmt":"2022-07-27T13:09:51","guid":{"rendered":"https:\/\/vinhedoscuiaba.com.br\/blog\/?p=16775"},"modified":"2022-07-27T10:47:22","modified_gmt":"2022-07-27T13:47:22","slug":"as-aplicacoes-do-vidro-na-arquitetura","status":"publish","type":"post","link":"https:\/\/vinhedoscuiaba.com.br\/blog\/as-aplicacoes-do-vidro-na-arquitetura\/","title":{"rendered":"As aplica\u00e7\u00f5es do vidro na arquitetura"},"content":{"rendered":"<div id=\"cmsmasters_row_xeaxcy343l\" class=\"cmsmasters_row cmsmasters_color_scheme_default cmsmasters_row_top_default cmsmasters_row_bot_default cmsmasters_row_boxed\">\n<div class=\"cmsmasters_row_outer_parent\">\n<div class=\"cmsmasters_row_outer\">\n<div class=\"cmsmasters_row_inner\">\n<div class=\"cmsmasters_row_margin\">\n<div id=\"cmsmasters_column_uo5yl6ipb\" class=\"cmsmasters_column one_first\">\n<div class=\"cmsmasters_column_inner\"><div class=\"cmsmasters_text\">\n<h3>Com caracter\u00edsticas como beleza, funcionalidade e seguran\u00e7a, o material \u00e9 usado para decora\u00e7\u00e3o nos mais diferentes formatos<\/h3>\n<\/div>\n<div id=\"cmsmasters_divider_klt2ibuw85\" class=\"cmsmasters_divider cmsmasters_divider_width_long cmsmasters_divider_pos_center\"><\/div>\n<\/div><\/div>\n<\/div>\n<\/div>\n<\/div>\n<\/div>\n<\/div>\n<div id=\"cmsmasters_row_n1kyry6cd\" class=\"cmsmasters_row cmsmasters_color_scheme_default cmsmasters_row_top_default cmsmasters_row_bot_default cmsmasters_row_boxed\">\n<div class=\"cmsmasters_row_outer_parent\">\n<div class=\"cmsmasters_row_outer\">\n<div class=\"cmsmasters_row_inner\">\n<div class=\"cmsmasters_row_margin\">\n<div id=\"cmsmasters_column_wf94qrvg4\" class=\"cmsmasters_column one_first\">\n<div class=\"cmsmasters_column_inner\"><div class=\"cmsmasters_text\">\n<p>O vidro est\u00e1 presente na arquitetura e constru\u00e7\u00e3o civil e n\u00e3o \u00e9 de hoje. Suas diferentes aplica\u00e7\u00f5es trazem aspectos diversos em uma edifica\u00e7\u00e3o, conferindo muita beleza, funcionalidade, economia e seguran\u00e7a, al\u00e9m de ser altamente sustent\u00e1vel. Seu uso est\u00e1 presente na decora\u00e7\u00e3o de c\u00f4modos variados, nos mais diferentes formatos e nas formas mais inusitadas, incluindo partes do piso e da cobertura de \u00e1reas externas.<\/p>\n<p>Nos <span style=\"color: #993366;\"><a style=\"color: #993366;\" href=\"https:\/\/archtrends.com\/blog\/arquitetura-medieval\/\" target=\"_blank\" rel=\"noopener\">tempos medievais<\/a><\/span>, o uso do vidro em constru\u00e7\u00f5es destinava-se, basicamente, a vitrais coloridos de pal\u00e1cios e igrejas, com representa\u00e7\u00f5es de cenas e personagens b\u00edblicos. Mas com o estabelecimento da <span style=\"color: #993366;\"><a style=\"color: #993366;\" href=\"https:\/\/pt.wikipedia.org\/wiki\/Arquitetura_moderna\" target=\"_blank\" rel=\"noopener\">arquitetura moderna<\/a><\/span>, a partir do s\u00e9culo XIX, o uso do vidro na arquitetura e constru\u00e7\u00e3o civil evoluiu.<\/p>\n<p><img loading=\"lazy\" decoding=\"async\" class=\"aligncenter size-full wp-image-16785\" src=\"https:\/\/vinhedoscuiaba.com.br\/blog\/wp-content\/uploads\/2022\/07\/iStock-1318737946.jpg\" alt=\"\" width=\"1200\" height=\"800\" srcset=\"https:\/\/vinhedoscuiaba.com.br\/blog\/wp-content\/uploads\/2022\/07\/iStock-1318737946.jpg 1200w, https:\/\/vinhedoscuiaba.com.br\/blog\/wp-content\/uploads\/2022\/07\/iStock-1318737946-300x200.jpg 300w, https:\/\/vinhedoscuiaba.com.br\/blog\/wp-content\/uploads\/2022\/07\/iStock-1318737946-1024x683.jpg 1024w, https:\/\/vinhedoscuiaba.com.br\/blog\/wp-content\/uploads\/2022\/07\/iStock-1318737946-768x512.jpg 768w, https:\/\/vinhedoscuiaba.com.br\/blog\/wp-content\/uploads\/2022\/07\/iStock-1318737946-580x387.jpg 580w, https:\/\/vinhedoscuiaba.com.br\/blog\/wp-content\/uploads\/2022\/07\/iStock-1318737946-860x573.jpg 860w, https:\/\/vinhedoscuiaba.com.br\/blog\/wp-content\/uploads\/2022\/07\/iStock-1318737946-1160x773.jpg 1160w\" sizes=\"auto, (max-width: 1200px) 100vw, 1200px\" \/><\/p>\n<p>Atualmente, s\u00e3o esses os tipos de vidros usados na arquitetura e constru\u00e7\u00e3o civil:<\/p>\n<ul>\n<li><strong>Vidro de seguran\u00e7a temperado:<\/strong> de alta resist\u00eancia a impactos e temperatura, oferece muita seguran\u00e7a. Sua utiliza\u00e7\u00e3o \u00e9 ampla e variada, por exemplo em box de vidros, fachadas, m\u00f3veis, vitrines, tampos de mesa e portas.<\/li>\n<li><strong>Vidro de seguran\u00e7a laminado:<\/strong> \u00e9 composto por duas, ou mais, placas de vidro unidas por camadas intermedi\u00e1rias de PVB (<span style=\"color: #993366;\"><a style=\"color: #993366;\" href=\"https:\/\/abravidro.org.br\/vidros\/pvb-polivinil-butiral\/\" target=\"_blank\" rel=\"noopener\">polivinil butiral<\/a><\/span>). Por essa raz\u00e3o, \u00e9 mais resistente a impactos e \u00e9 utilizado nas estruturas de varandas, coberturas e fachadas.<\/li>\n<li><strong>Vidro de seguran\u00e7a insulado:<\/strong> \u00e9 aquele que garante maior isolamento ac\u00fastico e conforto t\u00e9rmico. Composto por duas pe\u00e7as, unidas por um perfil de alum\u00ednio, ele pode ser montado com combina\u00e7\u00f5es para juntar propriedades de outros tipos de vidro. Est\u00fadios de m\u00fasica, hospitais, cl\u00ednicas e laborat\u00f3rios utilizam esse tipo de vidro.<\/li>\n<li><strong>Vidro de seguran\u00e7a serigrafado:<\/strong> esse tipo de vidro passa por um <span style=\"color: #993366;\"><a style=\"color: #993366;\" href=\"https:\/\/abravidro.org.br\/fique-por-dentro-da-serigrafia-dos-vidros\/\" target=\"_blank\" rel=\"noopener\">processo de serigrafia<\/a><\/span>, que faz com que o produto possa ter diversas cores e texturas. \u00c9 muito usado em divis\u00f3rias, portas, paredes e arm\u00e1rios em ambientes internos.<\/li>\n<\/ul>\n<p><img loading=\"lazy\" decoding=\"async\" class=\"aligncenter size-full wp-image-16782\" src=\"https:\/\/vinhedoscuiaba.com.br\/blog\/wp-content\/uploads\/2022\/07\/iStock-139867997.jpg\" alt=\"\" width=\"1200\" height=\"800\" srcset=\"https:\/\/vinhedoscuiaba.com.br\/blog\/wp-content\/uploads\/2022\/07\/iStock-139867997.jpg 1200w, https:\/\/vinhedoscuiaba.com.br\/blog\/wp-content\/uploads\/2022\/07\/iStock-139867997-300x200.jpg 300w, https:\/\/vinhedoscuiaba.com.br\/blog\/wp-content\/uploads\/2022\/07\/iStock-139867997-1024x683.jpg 1024w, https:\/\/vinhedoscuiaba.com.br\/blog\/wp-content\/uploads\/2022\/07\/iStock-139867997-768x512.jpg 768w, https:\/\/vinhedoscuiaba.com.br\/blog\/wp-content\/uploads\/2022\/07\/iStock-139867997-580x387.jpg 580w, https:\/\/vinhedoscuiaba.com.br\/blog\/wp-content\/uploads\/2022\/07\/iStock-139867997-860x573.jpg 860w, https:\/\/vinhedoscuiaba.com.br\/blog\/wp-content\/uploads\/2022\/07\/iStock-139867997-1160x773.jpg 1160w\" sizes=\"auto, (max-width: 1200px) 100vw, 1200px\" \/><\/p>\n<h4><strong>Aplica\u00e7\u00f5es do vidro na arquitetura e constru\u00e7\u00e3o civil<\/strong><\/h4>\n<p>Em ambientes internos e externos, o vidro est\u00e1 presente, inclusive, em m\u00f3veis decorativos. A versatilidade reina nesse material. Veja a seguir as principais utiliza\u00e7\u00f5es dos vidros na constru\u00e7\u00e3o civil:<\/p>\n<ul>\n<li><strong>Portas e janelas:<\/strong> permitem a entrada de luz natural, reduzindo a necessidade de consumo de energia el\u00e9trica. Em alguns casos, \u00e9 poss\u00edvel controlar a radia\u00e7\u00e3o solar, o que evita o uso excessivo do ar condicionado. \u00c9 importante destacar que alguns materiais impedem a visualiza\u00e7\u00e3o para o interior, conferindo privacidade ao ambiente. O vidro temperado \u00e9 o mais utilizado, mas o tipo laminado, por causa de sua pel\u00edcula, impede a propaga\u00e7\u00e3o de estilha\u00e7os quando quebrado.<\/li>\n<li><strong>Banheiro e cozinha:<\/strong> nesses ambientes, o vidro do tipo temperado \u00e9 o mais utilizado, especialmente no box e em tampos de pia, proporcionando leveza para a decora\u00e7\u00e3o. Blocos de vidro s\u00e3o tamb\u00e9m frequentemente utilizados para permitir a entrada de luz natural e ao mesmo tempo criar um efeito est\u00e9tico.<\/li>\n<li><strong>Guarda corpo:<\/strong> al\u00e9m de prevenir quedas e acidentes, o guarda-corpo de vidro pode criar um efeito decorativo na arquitetura e na constru\u00e7\u00e3o. \u00c9 muito utilizado em ambientes como varandas, mezaninos, escadas e corredores.<\/li>\n<li><strong>Pisos:<\/strong> o uso de vidro em pisos e degraus permite a passagem de luz natural, o que reduz a necessidade de ilumina\u00e7\u00e3o artificial e o consumo de energia. O efeito est\u00e9tico \u00e9 marcante, sobretudo quando a aplica\u00e7\u00e3o permite visualizar texturas.<\/li>\n<li><strong>Cobertura:<\/strong> a utiliza\u00e7\u00e3o do vidro em cobertura permite a entrada de luz natural e de calor, tamb\u00e9m tendo como fun\u00e7\u00e3o evitar o consumo excessivo de energia. O efeito est\u00e9tico tamb\u00e9m \u00e9 impactante.<\/li>\n<li><strong>M\u00f3veis:<\/strong> \u00e9 poss\u00edvel encontrar m\u00f3veis feitos totalmente em vidro ou, como \u00e9 mais comum, contendo partes em vidro. Por ser um mobili\u00e1rio mais sofisticado, faz toda a diferen\u00e7a no ambiente, especialmente em um estilo mais clean, contribuindo para melhorar a ilumina\u00e7\u00e3o do ambiente. Escrivaninhas, mesas de centro de sala, arm\u00e1rios para closet, prote\u00e7\u00e3o para lareira, estantes, prateleiras e m\u00f3veis para cozinha s\u00e3o exemplos de m\u00f3veis a serem combinados com vidro.<\/li>\n<\/ul>\n<p><img loading=\"lazy\" decoding=\"async\" class=\"aligncenter size-full wp-image-16784\" src=\"https:\/\/vinhedoscuiaba.com.br\/blog\/wp-content\/uploads\/2022\/07\/iStock-1124920012.jpg\" alt=\"\" width=\"1200\" height=\"800\" srcset=\"https:\/\/vinhedoscuiaba.com.br\/blog\/wp-content\/uploads\/2022\/07\/iStock-1124920012.jpg 1200w, https:\/\/vinhedoscuiaba.com.br\/blog\/wp-content\/uploads\/2022\/07\/iStock-1124920012-300x200.jpg 300w, https:\/\/vinhedoscuiaba.com.br\/blog\/wp-content\/uploads\/2022\/07\/iStock-1124920012-1024x683.jpg 1024w, https:\/\/vinhedoscuiaba.com.br\/blog\/wp-content\/uploads\/2022\/07\/iStock-1124920012-768x512.jpg 768w, https:\/\/vinhedoscuiaba.com.br\/blog\/wp-content\/uploads\/2022\/07\/iStock-1124920012-580x387.jpg 580w, https:\/\/vinhedoscuiaba.com.br\/blog\/wp-content\/uploads\/2022\/07\/iStock-1124920012-860x573.jpg 860w, https:\/\/vinhedoscuiaba.com.br\/blog\/wp-content\/uploads\/2022\/07\/iStock-1124920012-1160x773.jpg 1160w\" sizes=\"auto, (max-width: 1200px) 100vw, 1200px\" \/><\/p>\n<h4><strong>Vidro na sua resid\u00eancia no Vinhedos<\/strong><\/h4>\n<p>No Village Bordeaux, primeiro condom\u00ednio do bairro Vinhedos, na <span style=\"color: #993366;\"><a style=\"color: #993366;\" href=\"https:\/\/vinhedoscuiaba.com.br\/blog\/um-guia-sobre-a-regiao-do-santa-rosa-cuiaba\/\" target=\"_blank\" rel=\"noopener\">regi\u00e3o do Santa Rosa<\/a><\/span>, os projetos residenciais podem priorizar o uso do vidro nos interiores, conferindo um ar de modernidade e funcionalidade aos ambientes. Conhe\u00e7a os <span style=\"color: #993366;\"><a style=\"color: #993366;\" href=\"https:\/\/vinhedoscuiaba.com.br\/#diferenciais\" target=\"_blank\" rel=\"noopener\">diferenciais<\/a><\/span> oferecidos pelo Vinhedos Cuiab\u00e1 e planeje sua futura moradia em um bairro inovador e sofisticado.<\/p>\n<\/div>\n<\/div><\/div>\n<\/div>\n<\/div>\n<\/div>\n<\/div>\n<\/div>\n\n","protected":false},"excerpt":{"rendered":"<p>Com caracter\u00edsticas como beleza, funcionalidade e seguran\u00e7a, o material \u00e9 usado para decora\u00e7\u00e3o nos mais diferentes formatos<\/p>\n","protected":false},"author":7,"featured_media":16783,"comment_status":"closed","ping_status":"closed","sticky":false,"template":"","format":"standard","meta":{"footnotes":""},"categories":[119],"tags":[42,43,197],"class_list":["post-16775","post","type-post","status-publish","format-standard","has-post-thumbnail","hentry","category-tendencias","tag-arquitetura","tag-decoracao","tag-vidro"],"yoast_head":"<!-- This site is optimized with the Yoast SEO plugin v20.10 - https:\/\/yoast.com\/wordpress\/plugins\/seo\/ -->\n<title>As aplica\u00e7\u00f5es do vidro na arquitetura | Blog Vinhedos<\/title>\n<meta name=\"description\" content=\"O uso do vidro na arquitetura e constru\u00e7\u00e3o civil, em diferentes formatos, apresenta caracter\u00edsticas do material como beleza e funcionalidade\" \/>\n<meta name=\"robots\" content=\"index, follow, max-snippet:-1, max-image-preview:large, max-video-preview:-1\" \/>\n<link rel=\"canonical\" href=\"https:\/\/vinhedoscuiaba.com.br\/blog\/as-aplicacoes-do-vidro-na-arquitetura\/\" \/>\n<meta property=\"og:locale\" content=\"pt_BR\" \/>\n<meta property=\"og:type\" content=\"article\" \/>\n<meta property=\"og:title\" content=\"As aplica\u00e7\u00f5es do vidro na arquitetura | Blog Vinhedos\" \/>\n<meta property=\"og:description\" content=\"O uso do vidro na arquitetura e constru\u00e7\u00e3o civil, em diferentes formatos, apresenta caracter\u00edsticas do material como beleza e funcionalidade\" \/>\n<meta property=\"og:url\" content=\"https:\/\/vinhedoscuiaba.com.br\/blog\/as-aplicacoes-do-vidro-na-arquitetura\/\" \/>\n<meta property=\"og:site_name\" content=\"Blog Vinhedos\" \/>\n<meta property=\"article:publisher\" content=\"https:\/\/www.facebook.com\/vinhedoscuiaba\" \/>\n<meta property=\"article:published_time\" content=\"2022-07-27T13:09:51+00:00\" \/>\n<meta property=\"article:modified_time\" content=\"2022-07-27T13:47:22+00:00\" \/>\n<meta property=\"og:image\" content=\"https:\/\/vinhedoscuiaba.com.br\/blog\/wp-content\/uploads\/2022\/07\/iStock-927074272.jpg\" \/>\n\t<meta property=\"og:image:width\" content=\"1200\" \/>\n\t<meta property=\"og:image:height\" content=\"743\" \/>\n\t<meta property=\"og:image:type\" content=\"image\/jpeg\" \/>\n<meta name=\"author\" content=\"Andre Nonato\" \/>\n<meta name=\"twitter:card\" content=\"summary_large_image\" \/>\n<meta name=\"twitter:label1\" content=\"Escrito por\" \/>\n\t<meta name=\"twitter:data1\" content=\"Andre Nonato\" \/>\n\t<meta name=\"twitter:label2\" content=\"Est. tempo de leitura\" \/>\n\t<meta name=\"twitter:data2\" content=\"5 minutos\" \/>\n<script type=\"application\/ld+json\" class=\"yoast-schema-graph\">{\"@context\":\"https:\/\/schema.org\",\"@graph\":[{\"@type\":\"Article\",\"@id\":\"https:\/\/vinhedoscuiaba.com.br\/blog\/as-aplicacoes-do-vidro-na-arquitetura\/#article\",\"isPartOf\":{\"@id\":\"https:\/\/vinhedoscuiaba.com.br\/blog\/as-aplicacoes-do-vidro-na-arquitetura\/\"},\"author\":{\"name\":\"Andre Nonato\",\"@id\":\"https:\/\/vinhedoscuiaba.com.br\/blog\/#\/schema\/person\/573492b2fdee3a3235421300b74f7aba\"},\"headline\":\"As aplica\u00e7\u00f5es do vidro na arquitetura\",\"datePublished\":\"2022-07-27T13:09:51+00:00\",\"dateModified\":\"2022-07-27T13:47:22+00:00\",\"mainEntityOfPage\":{\"@id\":\"https:\/\/vinhedoscuiaba.com.br\/blog\/as-aplicacoes-do-vidro-na-arquitetura\/\"},\"wordCount\":1077,\"publisher\":{\"@id\":\"https:\/\/vinhedoscuiaba.com.br\/blog\/#organization\"},\"keywords\":[\"arquitetura\",\"decora\u00e7\u00e3o\",\"vidro\"],\"articleSection\":[\"Tend\u00eancias\"],\"inLanguage\":\"pt-BR\"},{\"@type\":\"WebPage\",\"@id\":\"https:\/\/vinhedoscuiaba.com.br\/blog\/as-aplicacoes-do-vidro-na-arquitetura\/\",\"url\":\"https:\/\/vinhedoscuiaba.com.br\/blog\/as-aplicacoes-do-vidro-na-arquitetura\/\",\"name\":\"As aplica\u00e7\u00f5es do vidro na arquitetura | Blog Vinhedos\",\"isPartOf\":{\"@id\":\"https:\/\/vinhedoscuiaba.com.br\/blog\/#website\"},\"datePublished\":\"2022-07-27T13:09:51+00:00\",\"dateModified\":\"2022-07-27T13:47:22+00:00\",\"description\":\"O uso do vidro na arquitetura e constru\u00e7\u00e3o civil, em diferentes formatos, apresenta caracter\u00edsticas do material como beleza e funcionalidade\",\"breadcrumb\":{\"@id\":\"https:\/\/vinhedoscuiaba.com.br\/blog\/as-aplicacoes-do-vidro-na-arquitetura\/#breadcrumb\"},\"inLanguage\":\"pt-BR\",\"potentialAction\":[{\"@type\":\"ReadAction\",\"target\":[\"https:\/\/vinhedoscuiaba.com.br\/blog\/as-aplicacoes-do-vidro-na-arquitetura\/\"]}]},{\"@type\":\"BreadcrumbList\",\"@id\":\"https:\/\/vinhedoscuiaba.com.br\/blog\/as-aplicacoes-do-vidro-na-arquitetura\/#breadcrumb\",\"itemListElement\":[{\"@type\":\"ListItem\",\"position\":1,\"name\":\"Home\",\"item\":\"https:\/\/vinhedoscuiaba.com.br\/blog\/\"},{\"@type\":\"ListItem\",\"position\":2,\"name\":\"As aplica\u00e7\u00f5es do vidro na arquitetura\"}]},{\"@type\":\"WebSite\",\"@id\":\"https:\/\/vinhedoscuiaba.com.br\/blog\/#website\",\"url\":\"https:\/\/vinhedoscuiaba.com.br\/blog\/\",\"name\":\"Blog Vinhedos\",\"description\":\"O Melhor Bairro na Regi\u00e3o do Santa Rosa\",\"publisher\":{\"@id\":\"https:\/\/vinhedoscuiaba.com.br\/blog\/#organization\"},\"potentialAction\":[{\"@type\":\"SearchAction\",\"target\":{\"@type\":\"EntryPoint\",\"urlTemplate\":\"https:\/\/vinhedoscuiaba.com.br\/blog\/?s={search_term_string}\"},\"query-input\":\"required name=search_term_string\"}],\"inLanguage\":\"pt-BR\"},{\"@type\":\"Organization\",\"@id\":\"https:\/\/vinhedoscuiaba.com.br\/blog\/#organization\",\"name\":\"Abitte Urbanismo\",\"url\":\"https:\/\/vinhedoscuiaba.com.br\/blog\/\",\"logo\":{\"@type\":\"ImageObject\",\"inLanguage\":\"pt-BR\",\"@id\":\"https:\/\/vinhedoscuiaba.com.br\/blog\/#\/schema\/logo\/image\/\",\"url\":\"https:\/\/vinhedoscuiaba.com.br\/blog\/wp-content\/uploads\/2021\/06\/abitte.png\",\"contentUrl\":\"https:\/\/vinhedoscuiaba.com.br\/blog\/wp-content\/uploads\/2021\/06\/abitte.png\",\"width\":153,\"height\":54,\"caption\":\"Abitte Urbanismo\"},\"image\":{\"@id\":\"https:\/\/vinhedoscuiaba.com.br\/blog\/#\/schema\/logo\/image\/\"},\"sameAs\":[\"https:\/\/www.facebook.com\/vinhedoscuiaba\",\"https:\/\/www.instagram.com\/vinhedoscuiaba\/\",\"https:\/\/www.youtube.com\/channel\/UCOSO5ETtBV3uPVlckHQotyg\"]},{\"@type\":\"Person\",\"@id\":\"https:\/\/vinhedoscuiaba.com.br\/blog\/#\/schema\/person\/573492b2fdee3a3235421300b74f7aba\",\"name\":\"Andre Nonato\",\"image\":{\"@type\":\"ImageObject\",\"inLanguage\":\"pt-BR\",\"@id\":\"https:\/\/vinhedoscuiaba.com.br\/blog\/#\/schema\/person\/image\/\",\"url\":\"https:\/\/secure.gravatar.com\/avatar\/0c45a6e7634140c4aaa60d5c361ad92a84ab7457faff215172e15e94f597029a?s=96&d=mm&r=g\",\"contentUrl\":\"https:\/\/secure.gravatar.com\/avatar\/0c45a6e7634140c4aaa60d5c361ad92a84ab7457faff215172e15e94f597029a?s=96&d=mm&r=g\",\"caption\":\"Andre Nonato\"}}]}<\/script>\n<!-- \/ Yoast SEO plugin. -->","yoast_head_json":{"title":"As aplica\u00e7\u00f5es do vidro na arquitetura | Blog Vinhedos","description":"O uso do vidro na arquitetura e constru\u00e7\u00e3o civil, em diferentes formatos, apresenta caracter\u00edsticas do material como beleza e funcionalidade","robots":{"index":"index","follow":"follow","max-snippet":"max-snippet:-1","max-image-preview":"max-image-preview:large","max-video-preview":"max-video-preview:-1"},"canonical":"https:\/\/vinhedoscuiaba.com.br\/blog\/as-aplicacoes-do-vidro-na-arquitetura\/","og_locale":"pt_BR","og_type":"article","og_title":"As aplica\u00e7\u00f5es do vidro na arquitetura | Blog Vinhedos","og_description":"O uso do vidro na arquitetura e constru\u00e7\u00e3o civil, em diferentes formatos, apresenta caracter\u00edsticas do material como beleza e funcionalidade","og_url":"https:\/\/vinhedoscuiaba.com.br\/blog\/as-aplicacoes-do-vidro-na-arquitetura\/","og_site_name":"Blog Vinhedos","article_publisher":"https:\/\/www.facebook.com\/vinhedoscuiaba","article_published_time":"2022-07-27T13:09:51+00:00","article_modified_time":"2022-07-27T13:47:22+00:00","og_image":[{"width":1200,"height":743,"url":"https:\/\/vinhedoscuiaba.com.br\/blog\/wp-content\/uploads\/2022\/07\/iStock-927074272.jpg","type":"image\/jpeg"}],"author":"Andre Nonato","twitter_card":"summary_large_image","twitter_misc":{"Escrito por":"Andre Nonato","Est. tempo de leitura":"5 minutos"},"schema":{"@context":"https:\/\/schema.org","@graph":[{"@type":"Article","@id":"https:\/\/vinhedoscuiaba.com.br\/blog\/as-aplicacoes-do-vidro-na-arquitetura\/#article","isPartOf":{"@id":"https:\/\/vinhedoscuiaba.com.br\/blog\/as-aplicacoes-do-vidro-na-arquitetura\/"},"author":{"name":"Andre Nonato","@id":"https:\/\/vinhedoscuiaba.com.br\/blog\/#\/schema\/person\/573492b2fdee3a3235421300b74f7aba"},"headline":"As aplica\u00e7\u00f5es do vidro na arquitetura","datePublished":"2022-07-27T13:09:51+00:00","dateModified":"2022-07-27T13:47:22+00:00","mainEntityOfPage":{"@id":"https:\/\/vinhedoscuiaba.com.br\/blog\/as-aplicacoes-do-vidro-na-arquitetura\/"},"wordCount":1077,"publisher":{"@id":"https:\/\/vinhedoscuiaba.com.br\/blog\/#organization"},"keywords":["arquitetura","decora\u00e7\u00e3o","vidro"],"articleSection":["Tend\u00eancias"],"inLanguage":"pt-BR"},{"@type":"WebPage","@id":"https:\/\/vinhedoscuiaba.com.br\/blog\/as-aplicacoes-do-vidro-na-arquitetura\/","url":"https:\/\/vinhedoscuiaba.com.br\/blog\/as-aplicacoes-do-vidro-na-arquitetura\/","name":"As aplica\u00e7\u00f5es do vidro na arquitetura | Blog Vinhedos","isPartOf":{"@id":"https:\/\/vinhedoscuiaba.com.br\/blog\/#website"},"datePublished":"2022-07-27T13:09:51+00:00","dateModified":"2022-07-27T13:47:22+00:00","description":"O uso do vidro na arquitetura e constru\u00e7\u00e3o civil, em diferentes formatos, apresenta caracter\u00edsticas do material como beleza e funcionalidade","breadcrumb":{"@id":"https:\/\/vinhedoscuiaba.com.br\/blog\/as-aplicacoes-do-vidro-na-arquitetura\/#breadcrumb"},"inLanguage":"pt-BR","potentialAction":[{"@type":"ReadAction","target":["https:\/\/vinhedoscuiaba.com.br\/blog\/as-aplicacoes-do-vidro-na-arquitetura\/"]}]},{"@type":"BreadcrumbList","@id":"https:\/\/vinhedoscuiaba.com.br\/blog\/as-aplicacoes-do-vidro-na-arquitetura\/#breadcrumb","itemListElement":[{"@type":"ListItem","position":1,"name":"Home","item":"https:\/\/vinhedoscuiaba.com.br\/blog\/"},{"@type":"ListItem","position":2,"name":"As aplica\u00e7\u00f5es do vidro na arquitetura"}]},{"@type":"WebSite","@id":"https:\/\/vinhedoscuiaba.com.br\/blog\/#website","url":"https:\/\/vinhedoscuiaba.com.br\/blog\/","name":"Blog Vinhedos","description":"O Melhor Bairro na Regi\u00e3o do Santa Rosa","publisher":{"@id":"https:\/\/vinhedoscuiaba.com.br\/blog\/#organization"},"potentialAction":[{"@type":"SearchAction","target":{"@type":"EntryPoint","urlTemplate":"https:\/\/vinhedoscuiaba.com.br\/blog\/?s={search_term_string}"},"query-input":"required name=search_term_string"}],"inLanguage":"pt-BR"},{"@type":"Organization","@id":"https:\/\/vinhedoscuiaba.com.br\/blog\/#organization","name":"Abitte Urbanismo","url":"https:\/\/vinhedoscuiaba.com.br\/blog\/","logo":{"@type":"ImageObject","inLanguage":"pt-BR","@id":"https:\/\/vinhedoscuiaba.com.br\/blog\/#\/schema\/logo\/image\/","url":"https:\/\/vinhedoscuiaba.com.br\/blog\/wp-content\/uploads\/2021\/06\/abitte.png","contentUrl":"https:\/\/vinhedoscuiaba.com.br\/blog\/wp-content\/uploads\/2021\/06\/abitte.png","width":153,"height":54,"caption":"Abitte Urbanismo"},"image":{"@id":"https:\/\/vinhedoscuiaba.com.br\/blog\/#\/schema\/logo\/image\/"},"sameAs":["https:\/\/www.facebook.com\/vinhedoscuiaba","https:\/\/www.instagram.com\/vinhedoscuiaba\/","https:\/\/www.youtube.com\/channel\/UCOSO5ETtBV3uPVlckHQotyg"]},{"@type":"Person","@id":"https:\/\/vinhedoscuiaba.com.br\/blog\/#\/schema\/person\/573492b2fdee3a3235421300b74f7aba","name":"Andre Nonato","image":{"@type":"ImageObject","inLanguage":"pt-BR","@id":"https:\/\/vinhedoscuiaba.com.br\/blog\/#\/schema\/person\/image\/","url":"https:\/\/secure.gravatar.com\/avatar\/0c45a6e7634140c4aaa60d5c361ad92a84ab7457faff215172e15e94f597029a?s=96&d=mm&r=g","contentUrl":"https:\/\/secure.gravatar.com\/avatar\/0c45a6e7634140c4aaa60d5c361ad92a84ab7457faff215172e15e94f597029a?s=96&d=mm&r=g","caption":"Andre Nonato"}}]}},"_links":{"self":[{"href":"https:\/\/vinhedoscuiaba.com.br\/blog\/wp-json\/wp\/v2\/posts\/16775","targetHints":{"allow":["GET"]}}],"collection":[{"href":"https:\/\/vinhedoscuiaba.com.br\/blog\/wp-json\/wp\/v2\/posts"}],"about":[{"href":"https:\/\/vinhedoscuiaba.com.br\/blog\/wp-json\/wp\/v2\/types\/post"}],"author":[{"embeddable":true,"href":"https:\/\/vinhedoscuiaba.com.br\/blog\/wp-json\/wp\/v2\/users\/7"}],"replies":[{"embeddable":true,"href":"https:\/\/vinhedoscuiaba.com.br\/blog\/wp-json\/wp\/v2\/comments?post=16775"}],"version-history":[{"count":0,"href":"https:\/\/vinhedoscuiaba.com.br\/blog\/wp-json\/wp\/v2\/posts\/16775\/revisions"}],"wp:featuredmedia":[{"embeddable":true,"href":"https:\/\/vinhedoscuiaba.com.br\/blog\/wp-json\/wp\/v2\/media\/16783"}],"wp:attachment":[{"href":"https:\/\/vinhedoscuiaba.com.br\/blog\/wp-json\/wp\/v2\/media?parent=16775"}],"wp:term":[{"taxonomy":"category","embeddable":true,"href":"https:\/\/vinhedoscuiaba.com.br\/blog\/wp-json\/wp\/v2\/categories?post=16775"},{"taxonomy":"post_tag","embeddable":true,"href":"https:\/\/vinhedoscuiaba.com.br\/blog\/wp-json\/wp\/v2\/tags?post=16775"}],"curies":[{"name":"wp","href":"https:\/\/api.w.org\/{rel}","templated":true}]}}