{"id":17354,"date":"2023-01-16T09:00:43","date_gmt":"2023-01-16T12:00:43","guid":{"rendered":"https:\/\/vinhedoscuiaba.com.br\/blog\/?p=17354"},"modified":"2023-05-30T14:19:54","modified_gmt":"2023-05-30T17:19:54","slug":"acessibilidade-universal","status":"publish","type":"post","link":"https:\/\/vinhedoscuiaba.com.br\/blog\/acessibilidade-universal\/","title":{"rendered":"O que \u00e9 acessibilidade universal?"},"content":{"rendered":"<div id=\"cmsmasters_row_u24izbkyw\" class=\"cmsmasters_row cmsmasters_color_scheme_default cmsmasters_row_top_default cmsmasters_row_bot_default cmsmasters_row_boxed\">\n<div class=\"cmsmasters_row_outer_parent\">\n<div class=\"cmsmasters_row_outer\">\n<div class=\"cmsmasters_row_inner\">\n<div class=\"cmsmasters_row_margin\">\n<div id=\"cmsmasters_column_86b4gyfus3\" class=\"cmsmasters_column one_first\">\n<div class=\"cmsmasters_column_inner\"><div class=\"cmsmasters_text\">\n<h3 style=\"text-align: left;\">Entenda o conceito que garante o livre acesso para todo e qualquer indiv\u00edduo a lugares, produtos e servi\u00e7os<\/h3>\n<\/div>\n<div id=\"cmsmasters_divider_fe9ccn8l9h\" class=\"cmsmasters_divider cmsmasters_divider_width_long cmsmasters_divider_pos_center\"><\/div>\n<\/div><\/div>\n<\/div>\n<\/div>\n<\/div>\n<\/div>\n<\/div>\n<div id=\"cmsmasters_row_otvpkpfioy\" class=\"cmsmasters_row cmsmasters_color_scheme_default cmsmasters_row_top_default cmsmasters_row_bot_default cmsmasters_row_boxed\">\n<div class=\"cmsmasters_row_outer_parent\">\n<div class=\"cmsmasters_row_outer\">\n<div class=\"cmsmasters_row_inner\">\n<div class=\"cmsmasters_row_margin\">\n<div id=\"cmsmasters_column_4yps1iopip\" class=\"cmsmasters_column one_first\">\n<div class=\"cmsmasters_column_inner\"><div class=\"cmsmasters_text\">\n<p><span style=\"font-weight: 400;\">O conceito de acessibilidade universal nasce da necessidade de promover acesso de forma pr\u00e1tica e f\u00e1cil \u00e0s pessoas que precisam de mais autonomia para executar tarefas cotidianas, sendo importante para garantir os direitos b\u00e1sicos de ir e vir, al\u00e9m de ser um assunto essencial a ser discutido frequentemente.\u00a0<\/span><\/p>\n<p><span style=\"font-weight: 400;\">Quando falamos de acessibilidade, protagonizamos, principalmente, aqueles indiv\u00edduos que t\u00eam algum tipo de dificuldade na mobilidade e precisam de adapta\u00e7\u00f5es nas estruturas dos lugares que frequentam e dos servi\u00e7os que usufruem. No entanto, isso n\u00e3o \u00e9 algo f\u00e1cil de ser alcan\u00e7ado, j\u00e1 que depende n\u00e3o apenas das institui\u00e7\u00f5es, mas tamb\u00e9m de uma conscientiza\u00e7\u00e3o coletiva da sociedade perante o tema.\u00a0<\/span><\/p>\n<p><span style=\"font-weight: 400;\">Para explicar como a acessibilidade universal deve funcionar na pr\u00e1tica, o blog do Vinhedos preparou uma mat\u00e9ria sobre o assunto. Vamos entender!<\/span><\/p>\n<figure id=\"attachment_17360\" aria-describedby=\"caption-attachment-17360\" style=\"width: 1024px\" class=\"wp-caption aligncenter\"><img loading=\"lazy\" decoding=\"async\" class=\"size-large wp-image-17360\" src=\"https:\/\/vinhedoscuiaba.com.br\/blog\/wp-content\/uploads\/2023\/01\/blind-man-people-with-disability-handicapped-person-and-everyday-life-visually-impaired-man-with-walking-stick-descending-steps-in-city-park-1024x683.jpg\" alt=\"O Vinhedos seguir\u00e1 o desenho universal de acessibilidade\" width=\"1024\" height=\"683\" srcset=\"https:\/\/vinhedoscuiaba.com.br\/blog\/wp-content\/uploads\/2023\/01\/blind-man-people-with-disability-handicapped-person-and-everyday-life-visually-impaired-man-with-walking-stick-descending-steps-in-city-park-1024x683.jpg 1024w, https:\/\/vinhedoscuiaba.com.br\/blog\/wp-content\/uploads\/2023\/01\/blind-man-people-with-disability-handicapped-person-and-everyday-life-visually-impaired-man-with-walking-stick-descending-steps-in-city-park-300x200.jpg 300w, https:\/\/vinhedoscuiaba.com.br\/blog\/wp-content\/uploads\/2023\/01\/blind-man-people-with-disability-handicapped-person-and-everyday-life-visually-impaired-man-with-walking-stick-descending-steps-in-city-park-768x512.jpg 768w, https:\/\/vinhedoscuiaba.com.br\/blog\/wp-content\/uploads\/2023\/01\/blind-man-people-with-disability-handicapped-person-and-everyday-life-visually-impaired-man-with-walking-stick-descending-steps-in-city-park-580x387.jpg 580w, https:\/\/vinhedoscuiaba.com.br\/blog\/wp-content\/uploads\/2023\/01\/blind-man-people-with-disability-handicapped-person-and-everyday-life-visually-impaired-man-with-walking-stick-descending-steps-in-city-park-860x573.jpg 860w, https:\/\/vinhedoscuiaba.com.br\/blog\/wp-content\/uploads\/2023\/01\/blind-man-people-with-disability-handicapped-person-and-everyday-life-visually-impaired-man-with-walking-stick-descending-steps-in-city-park-1160x773.jpg 1160w, https:\/\/vinhedoscuiaba.com.br\/blog\/wp-content\/uploads\/2023\/01\/blind-man-people-with-disability-handicapped-person-and-everyday-life-visually-impaired-man-with-walking-stick-descending-steps-in-city-park.jpg 1500w\" sizes=\"auto, (max-width: 1024px) 100vw, 1024px\" \/><figcaption id=\"caption-attachment-17360\" class=\"wp-caption-text\">O Vinhedos seguir\u00e1 o desenho universal de acessibilidade<\/figcaption><\/figure>\n<h4><b>Entenda o conceito de defici\u00eancia<\/b><\/h4>\n<p><span style=\"font-weight: 400;\">Para entender a import\u00e2ncia da acessibilidade universal, \u00e9 preciso entender o conceito de defici\u00eancia. Ao contr\u00e1rio do que muitas pessoas pensam, a defici\u00eancia n\u00e3o se trata de doen\u00e7a. Inclusive, a nomenclatura \u201cpessoa portadora de defici\u00eancia\u201d j\u00e1 est\u00e1 defasada segundo institui\u00e7\u00f5es de sa\u00fade oficiais do mundo, porque a palavra \u201cportadora\u201d remete \u00e0 patologia, e, segundo, Paul Haunt, pesquisador social brit\u00e2nico, a defici\u00eancia surge a partir de uma condi\u00e7\u00e3o social na qual \u00e9 necess\u00e1rio garantir os direitos b\u00e1sicos \u00e0s pessoas com alguma limita\u00e7\u00e3o f\u00edsica.\u00a0<\/span><\/p>\n<p><span style=\"font-weight: 400;\">O Vinhedos, segundo Jhonny Rother, arquiteto que planejou o bairro, seguir\u00e1 o desenho universal de acessibilidade. \u201cTem uma s\u00e9rie de normativas, toda uma Norma Brasileira de acessibilidade, que a gente est\u00e1 atendendo l\u00e1 dentro do bairro, como dentro do condom\u00ednio tamb\u00e9m.\u201d O primeiro bairro planejado da regi\u00e3o do Santa Rosa ter\u00e1 as cal\u00e7adas rebaixadas nas esquinas, al\u00e9m de passagens em n\u00edvel para pedestres e vagas para deficientes bem localizadas, pr\u00f3ximas aos equipamentos da regi\u00e3o. Isso garante a inclus\u00e3o e direito aos bens e servi\u00e7os n\u00e3o apenas \u00e0s pessoas com defici\u00eancia, mas tamb\u00e9m aos idosos e pessoas que apresentem mobilidade reduzida.<\/span><\/p>\n<h4><b>Acessibilidade \u00e9 um direito<\/b><\/h4>\n<p><span style=\"font-weight: 400;\">A acessibilidade universal nasceu de uma forte demanda por parte de comunidades que t\u00eam alguma liga\u00e7\u00e3o, pauta ou a\u00e7\u00e3o voltada \u00e0s pessoas com algum tipo de defici\u00eancia que dificulta o cumprimento de atividades simples e cotidianas. Embora o conceito de \u2018acessibilidade universal\u2019 n\u00e3o abranja apenas esse grupo de pessoas, mas, sim, toda a sociedade, a pessoa portadora de defici\u00eancia acaba por ser a principal beneficiada no dia a dia. O acesso a qualquer tipo de lugar, produto ou servi\u00e7o \u00e9 um direito fundamental do ser humano.<\/span><\/p>\n<h4><b>Como garantir o acesso universal?<\/b><\/h4>\n<p><span style=\"font-weight: 400;\">Ter a consci\u00eancia de que a acessibilidade universal \u00e9 um direito de todos \u00e9 o primeiro passo para garanti-la. Ademais, \u00e9 necess\u00e1rio:<\/span><\/p>\n<ul>\n<li style=\"font-weight: 400;\" aria-level=\"1\"><span style=\"font-weight: 400;\">Conhecer a lei estadual e municipal de acessibilidade universal para que, dessa forma, seja vi\u00e1vel cumprir todos os requisitos que eliminem o m\u00e1ximo poss\u00edvel dos obst\u00e1culos em todos os \u00e2mbitos.\u00a0<\/span><\/li>\n<li style=\"font-weight: 400;\" aria-level=\"1\"><span style=\"font-weight: 400;\">Usar a tecnologia e inova\u00e7\u00e3o em prol da acessibilidade, afinal, s\u00e3o elas que possibilitam a execu\u00e7\u00e3o das tarefas de forma mais pr\u00e1tica e sem grandes esfor\u00e7os, principalmente para as pessoas com algum tipo de defici\u00eancia.<\/span><\/li>\n<\/ul>\n<figure id=\"attachment_17361\" aria-describedby=\"caption-attachment-17361\" style=\"width: 1024px\" class=\"wp-caption aligncenter\"><img loading=\"lazy\" decoding=\"async\" class=\"wp-image-17361 size-large\" src=\"https:\/\/vinhedoscuiaba.com.br\/blog\/wp-content\/uploads\/2023\/01\/handicap-parking-1024x666.jpg\" alt=\"Acessibilidade universal \u00e9 um direito de todos\" width=\"1024\" height=\"666\" srcset=\"https:\/\/vinhedoscuiaba.com.br\/blog\/wp-content\/uploads\/2023\/01\/handicap-parking-1024x666.jpg 1024w, https:\/\/vinhedoscuiaba.com.br\/blog\/wp-content\/uploads\/2023\/01\/handicap-parking-300x195.jpg 300w, https:\/\/vinhedoscuiaba.com.br\/blog\/wp-content\/uploads\/2023\/01\/handicap-parking-768x500.jpg 768w, https:\/\/vinhedoscuiaba.com.br\/blog\/wp-content\/uploads\/2023\/01\/handicap-parking-580x377.jpg 580w, https:\/\/vinhedoscuiaba.com.br\/blog\/wp-content\/uploads\/2023\/01\/handicap-parking-860x560.jpg 860w, https:\/\/vinhedoscuiaba.com.br\/blog\/wp-content\/uploads\/2023\/01\/handicap-parking-1160x755.jpg 1160w, https:\/\/vinhedoscuiaba.com.br\/blog\/wp-content\/uploads\/2023\/01\/handicap-parking.jpg 1500w\" sizes=\"auto, (max-width: 1024px) 100vw, 1024px\" \/><figcaption id=\"caption-attachment-17361\" class=\"wp-caption-text\">Acessibilidade universal \u00e9 um direito de todos<\/figcaption><\/figure>\n<h4><b>O Vinhedos promove acessibilidade universal<\/b><\/h4>\n<p><span style=\"font-weight: 400;\">O <\/span><span style=\"color: #993366;\"><a style=\"color: #993366;\" href=\"https:\/\/vinhedoscuiaba.com.br\/#bairro\" target=\"_blank\" rel=\"noopener\"><span style=\"font-weight: 400;\">Vinhedos<\/span><\/a><\/span><span style=\"font-weight: 400;\">, bairro planejado e inteligente localizado na <\/span><span style=\"color: #993366;\"><a style=\"color: #993366;\" href=\"https:\/\/vinhedoscuiaba.com.br\/#localizacao\" target=\"_blank\" rel=\"noopener\"><span style=\"font-weight: 400;\">regi\u00e3o do Santa Rosa, em Cuiab\u00e1<\/span><\/a><\/span><span style=\"font-weight: 400;\">, preocupa-se com a acessibilidade dos moradores. O projeto foi pensado para garantir o acesso f\u00e1cil de todas as pessoas \u00e0s comodidades do bairro. Conhe\u00e7a os <\/span><span style=\"color: #993366;\"><a style=\"color: #993366;\" href=\"https:\/\/vinhedoscuiaba.com.br\/#diferenciais\" target=\"_blank\" rel=\"noopener\"><span style=\"font-weight: 400;\">diferenciais<\/span><\/a><\/span><span style=\"font-weight: 400;\"> do Vinhedos, um empreendimento da <\/span><span style=\"color: #993366;\"><a style=\"color: #993366;\" href=\"https:\/\/www.abitteurbanismo.com.br\/\" target=\"_blank\" rel=\"noopener\"><span style=\"font-weight: 400;\">Abitte Urbanismo<\/span><\/a><\/span><span style=\"font-weight: 400;\">!<\/span><\/p>\n<\/div>\n<\/div><\/div>\n<\/div>\n<\/div>\n<\/div>\n<\/div>\n<\/div>\n\n","protected":false},"excerpt":{"rendered":"<p>Entenda o conceito que garante o livre acesso para todo e qualquer indiv\u00edduo a lugares, produtos e servi\u00e7os<\/p>\n","protected":false},"author":11,"featured_media":17359,"comment_status":"closed","ping_status":"closed","sticky":false,"template":"","format":"standard","meta":{"footnotes":""},"categories":[36],"tags":[265,264],"class_list":["post-17354","post","type-post","status-publish","format-standard","has-post-thumbnail","hentry","category-sustentabilidade","tag-acessibilidade-universal","tag-conceito"],"yoast_head":"<!-- This site is optimized with the Yoast SEO plugin v20.10 - https:\/\/yoast.com\/wordpress\/plugins\/seo\/ -->\n<title>O que \u00e9 acessibilidade universal? | Blog Vinhedos<\/title>\n<meta name=\"description\" content=\"Entenda mais sobre o conceito de acessibilidade universal e como ela \u00e9 importante para garantir o direito das pessoas com limita\u00e7\u00f5es f\u00edsicas\" \/>\n<meta name=\"robots\" content=\"index, follow, max-snippet:-1, max-image-preview:large, max-video-preview:-1\" \/>\n<link rel=\"canonical\" href=\"https:\/\/vinhedoscuiaba.com.br\/blog\/acessibilidade-universal\/\" \/>\n<meta property=\"og:locale\" content=\"pt_BR\" \/>\n<meta property=\"og:type\" content=\"article\" \/>\n<meta property=\"og:title\" content=\"O que \u00e9 acessibilidade universal? | Blog Vinhedos\" \/>\n<meta property=\"og:description\" content=\"Entenda mais sobre o conceito de acessibilidade universal e como ela \u00e9 importante para garantir o direito das pessoas com limita\u00e7\u00f5es f\u00edsicas\" \/>\n<meta property=\"og:url\" content=\"https:\/\/vinhedoscuiaba.com.br\/blog\/acessibilidade-universal\/\" \/>\n<meta property=\"og:site_name\" content=\"Blog Vinhedos\" \/>\n<meta property=\"article:publisher\" content=\"https:\/\/www.facebook.com\/vinhedoscuiaba\" \/>\n<meta property=\"article:published_time\" content=\"2023-01-16T12:00:43+00:00\" \/>\n<meta property=\"article:modified_time\" content=\"2023-05-30T17:19:54+00:00\" \/>\n<meta property=\"og:image\" content=\"https:\/\/vinhedoscuiaba.com.br\/blog\/wp-content\/uploads\/2023\/01\/a-man-and-a-woman-on-wheelchairs-ride-around-the-park.jpg\" \/>\n\t<meta property=\"og:image:width\" content=\"1500\" \/>\n\t<meta property=\"og:image:height\" content=\"1001\" \/>\n\t<meta property=\"og:image:type\" content=\"image\/jpeg\" \/>\n<meta name=\"author\" content=\"Thais Cavalcante Chini\" \/>\n<meta name=\"twitter:card\" content=\"summary_large_image\" \/>\n<meta name=\"twitter:label1\" content=\"Escrito por\" \/>\n\t<meta name=\"twitter:data1\" content=\"Thais Cavalcante Chini\" \/>\n\t<meta name=\"twitter:label2\" content=\"Est. tempo de leitura\" \/>\n\t<meta name=\"twitter:data2\" content=\"5 minutos\" \/>\n<script type=\"application\/ld+json\" class=\"yoast-schema-graph\">{\"@context\":\"https:\/\/schema.org\",\"@graph\":[{\"@type\":\"Article\",\"@id\":\"https:\/\/vinhedoscuiaba.com.br\/blog\/acessibilidade-universal\/#article\",\"isPartOf\":{\"@id\":\"https:\/\/vinhedoscuiaba.com.br\/blog\/acessibilidade-universal\/\"},\"author\":{\"name\":\"Thais Cavalcante Chini\",\"@id\":\"https:\/\/vinhedoscuiaba.com.br\/blog\/#\/schema\/person\/998363a02ab9f21691b6dd618762335d\"},\"headline\":\"O que \u00e9 acessibilidade universal?\",\"datePublished\":\"2023-01-16T12:00:43+00:00\",\"dateModified\":\"2023-05-30T17:19:54+00:00\",\"mainEntityOfPage\":{\"@id\":\"https:\/\/vinhedoscuiaba.com.br\/blog\/acessibilidade-universal\/\"},\"wordCount\":974,\"publisher\":{\"@id\":\"https:\/\/vinhedoscuiaba.com.br\/blog\/#organization\"},\"keywords\":[\"acessibilidade universal\",\"conceito\"],\"articleSection\":[\"Sustentabilidade\"],\"inLanguage\":\"pt-BR\"},{\"@type\":\"WebPage\",\"@id\":\"https:\/\/vinhedoscuiaba.com.br\/blog\/acessibilidade-universal\/\",\"url\":\"https:\/\/vinhedoscuiaba.com.br\/blog\/acessibilidade-universal\/\",\"name\":\"O que \u00e9 acessibilidade universal? | Blog Vinhedos\",\"isPartOf\":{\"@id\":\"https:\/\/vinhedoscuiaba.com.br\/blog\/#website\"},\"datePublished\":\"2023-01-16T12:00:43+00:00\",\"dateModified\":\"2023-05-30T17:19:54+00:00\",\"description\":\"Entenda mais sobre o conceito de acessibilidade universal e como ela \u00e9 importante para garantir o direito das pessoas com limita\u00e7\u00f5es f\u00edsicas\",\"breadcrumb\":{\"@id\":\"https:\/\/vinhedoscuiaba.com.br\/blog\/acessibilidade-universal\/#breadcrumb\"},\"inLanguage\":\"pt-BR\",\"potentialAction\":[{\"@type\":\"ReadAction\",\"target\":[\"https:\/\/vinhedoscuiaba.com.br\/blog\/acessibilidade-universal\/\"]}]},{\"@type\":\"BreadcrumbList\",\"@id\":\"https:\/\/vinhedoscuiaba.com.br\/blog\/acessibilidade-universal\/#breadcrumb\",\"itemListElement\":[{\"@type\":\"ListItem\",\"position\":1,\"name\":\"Home\",\"item\":\"https:\/\/vinhedoscuiaba.com.br\/blog\/\"},{\"@type\":\"ListItem\",\"position\":2,\"name\":\"O que \u00e9 acessibilidade universal?\"}]},{\"@type\":\"WebSite\",\"@id\":\"https:\/\/vinhedoscuiaba.com.br\/blog\/#website\",\"url\":\"https:\/\/vinhedoscuiaba.com.br\/blog\/\",\"name\":\"Blog Vinhedos\",\"description\":\"O Melhor Bairro na Regi\u00e3o do Santa Rosa\",\"publisher\":{\"@id\":\"https:\/\/vinhedoscuiaba.com.br\/blog\/#organization\"},\"potentialAction\":[{\"@type\":\"SearchAction\",\"target\":{\"@type\":\"EntryPoint\",\"urlTemplate\":\"https:\/\/vinhedoscuiaba.com.br\/blog\/?s={search_term_string}\"},\"query-input\":\"required name=search_term_string\"}],\"inLanguage\":\"pt-BR\"},{\"@type\":\"Organization\",\"@id\":\"https:\/\/vinhedoscuiaba.com.br\/blog\/#organization\",\"name\":\"Abitte Urbanismo\",\"url\":\"https:\/\/vinhedoscuiaba.com.br\/blog\/\",\"logo\":{\"@type\":\"ImageObject\",\"inLanguage\":\"pt-BR\",\"@id\":\"https:\/\/vinhedoscuiaba.com.br\/blog\/#\/schema\/logo\/image\/\",\"url\":\"https:\/\/vinhedoscuiaba.com.br\/blog\/wp-content\/uploads\/2021\/06\/abitte.png\",\"contentUrl\":\"https:\/\/vinhedoscuiaba.com.br\/blog\/wp-content\/uploads\/2021\/06\/abitte.png\",\"width\":153,\"height\":54,\"caption\":\"Abitte Urbanismo\"},\"image\":{\"@id\":\"https:\/\/vinhedoscuiaba.com.br\/blog\/#\/schema\/logo\/image\/\"},\"sameAs\":[\"https:\/\/www.facebook.com\/vinhedoscuiaba\",\"https:\/\/www.instagram.com\/vinhedoscuiaba\/\",\"https:\/\/www.youtube.com\/channel\/UCOSO5ETtBV3uPVlckHQotyg\"]},{\"@type\":\"Person\",\"@id\":\"https:\/\/vinhedoscuiaba.com.br\/blog\/#\/schema\/person\/998363a02ab9f21691b6dd618762335d\",\"name\":\"Thais Cavalcante Chini\",\"image\":{\"@type\":\"ImageObject\",\"inLanguage\":\"pt-BR\",\"@id\":\"https:\/\/vinhedoscuiaba.com.br\/blog\/#\/schema\/person\/image\/\",\"url\":\"https:\/\/secure.gravatar.com\/avatar\/a25140c83be38d3dc943083dc2bcb3e5d75fe71a1badd18bf9b149984418e77d?s=96&d=mm&r=g\",\"contentUrl\":\"https:\/\/secure.gravatar.com\/avatar\/a25140c83be38d3dc943083dc2bcb3e5d75fe71a1badd18bf9b149984418e77d?s=96&d=mm&r=g\",\"caption\":\"Thais Cavalcante Chini\"}}]}<\/script>\n<!-- \/ Yoast SEO plugin. -->","yoast_head_json":{"title":"O que \u00e9 acessibilidade universal? | Blog Vinhedos","description":"Entenda mais sobre o conceito de acessibilidade universal e como ela \u00e9 importante para garantir o direito das pessoas com limita\u00e7\u00f5es f\u00edsicas","robots":{"index":"index","follow":"follow","max-snippet":"max-snippet:-1","max-image-preview":"max-image-preview:large","max-video-preview":"max-video-preview:-1"},"canonical":"https:\/\/vinhedoscuiaba.com.br\/blog\/acessibilidade-universal\/","og_locale":"pt_BR","og_type":"article","og_title":"O que \u00e9 acessibilidade universal? | Blog Vinhedos","og_description":"Entenda mais sobre o conceito de acessibilidade universal e como ela \u00e9 importante para garantir o direito das pessoas com limita\u00e7\u00f5es f\u00edsicas","og_url":"https:\/\/vinhedoscuiaba.com.br\/blog\/acessibilidade-universal\/","og_site_name":"Blog Vinhedos","article_publisher":"https:\/\/www.facebook.com\/vinhedoscuiaba","article_published_time":"2023-01-16T12:00:43+00:00","article_modified_time":"2023-05-30T17:19:54+00:00","og_image":[{"width":1500,"height":1001,"url":"https:\/\/vinhedoscuiaba.com.br\/blog\/wp-content\/uploads\/2023\/01\/a-man-and-a-woman-on-wheelchairs-ride-around-the-park.jpg","type":"image\/jpeg"}],"author":"Thais Cavalcante Chini","twitter_card":"summary_large_image","twitter_misc":{"Escrito por":"Thais Cavalcante Chini","Est. tempo de leitura":"5 minutos"},"schema":{"@context":"https:\/\/schema.org","@graph":[{"@type":"Article","@id":"https:\/\/vinhedoscuiaba.com.br\/blog\/acessibilidade-universal\/#article","isPartOf":{"@id":"https:\/\/vinhedoscuiaba.com.br\/blog\/acessibilidade-universal\/"},"author":{"name":"Thais Cavalcante Chini","@id":"https:\/\/vinhedoscuiaba.com.br\/blog\/#\/schema\/person\/998363a02ab9f21691b6dd618762335d"},"headline":"O que \u00e9 acessibilidade universal?","datePublished":"2023-01-16T12:00:43+00:00","dateModified":"2023-05-30T17:19:54+00:00","mainEntityOfPage":{"@id":"https:\/\/vinhedoscuiaba.com.br\/blog\/acessibilidade-universal\/"},"wordCount":974,"publisher":{"@id":"https:\/\/vinhedoscuiaba.com.br\/blog\/#organization"},"keywords":["acessibilidade universal","conceito"],"articleSection":["Sustentabilidade"],"inLanguage":"pt-BR"},{"@type":"WebPage","@id":"https:\/\/vinhedoscuiaba.com.br\/blog\/acessibilidade-universal\/","url":"https:\/\/vinhedoscuiaba.com.br\/blog\/acessibilidade-universal\/","name":"O que \u00e9 acessibilidade universal? | Blog Vinhedos","isPartOf":{"@id":"https:\/\/vinhedoscuiaba.com.br\/blog\/#website"},"datePublished":"2023-01-16T12:00:43+00:00","dateModified":"2023-05-30T17:19:54+00:00","description":"Entenda mais sobre o conceito de acessibilidade universal e como ela \u00e9 importante para garantir o direito das pessoas com limita\u00e7\u00f5es f\u00edsicas","breadcrumb":{"@id":"https:\/\/vinhedoscuiaba.com.br\/blog\/acessibilidade-universal\/#breadcrumb"},"inLanguage":"pt-BR","potentialAction":[{"@type":"ReadAction","target":["https:\/\/vinhedoscuiaba.com.br\/blog\/acessibilidade-universal\/"]}]},{"@type":"BreadcrumbList","@id":"https:\/\/vinhedoscuiaba.com.br\/blog\/acessibilidade-universal\/#breadcrumb","itemListElement":[{"@type":"ListItem","position":1,"name":"Home","item":"https:\/\/vinhedoscuiaba.com.br\/blog\/"},{"@type":"ListItem","position":2,"name":"O que \u00e9 acessibilidade universal?"}]},{"@type":"WebSite","@id":"https:\/\/vinhedoscuiaba.com.br\/blog\/#website","url":"https:\/\/vinhedoscuiaba.com.br\/blog\/","name":"Blog Vinhedos","description":"O Melhor Bairro na Regi\u00e3o do Santa Rosa","publisher":{"@id":"https:\/\/vinhedoscuiaba.com.br\/blog\/#organization"},"potentialAction":[{"@type":"SearchAction","target":{"@type":"EntryPoint","urlTemplate":"https:\/\/vinhedoscuiaba.com.br\/blog\/?s={search_term_string}"},"query-input":"required name=search_term_string"}],"inLanguage":"pt-BR"},{"@type":"Organization","@id":"https:\/\/vinhedoscuiaba.com.br\/blog\/#organization","name":"Abitte Urbanismo","url":"https:\/\/vinhedoscuiaba.com.br\/blog\/","logo":{"@type":"ImageObject","inLanguage":"pt-BR","@id":"https:\/\/vinhedoscuiaba.com.br\/blog\/#\/schema\/logo\/image\/","url":"https:\/\/vinhedoscuiaba.com.br\/blog\/wp-content\/uploads\/2021\/06\/abitte.png","contentUrl":"https:\/\/vinhedoscuiaba.com.br\/blog\/wp-content\/uploads\/2021\/06\/abitte.png","width":153,"height":54,"caption":"Abitte Urbanismo"},"image":{"@id":"https:\/\/vinhedoscuiaba.com.br\/blog\/#\/schema\/logo\/image\/"},"sameAs":["https:\/\/www.facebook.com\/vinhedoscuiaba","https:\/\/www.instagram.com\/vinhedoscuiaba\/","https:\/\/www.youtube.com\/channel\/UCOSO5ETtBV3uPVlckHQotyg"]},{"@type":"Person","@id":"https:\/\/vinhedoscuiaba.com.br\/blog\/#\/schema\/person\/998363a02ab9f21691b6dd618762335d","name":"Thais Cavalcante Chini","image":{"@type":"ImageObject","inLanguage":"pt-BR","@id":"https:\/\/vinhedoscuiaba.com.br\/blog\/#\/schema\/person\/image\/","url":"https:\/\/secure.gravatar.com\/avatar\/a25140c83be38d3dc943083dc2bcb3e5d75fe71a1badd18bf9b149984418e77d?s=96&d=mm&r=g","contentUrl":"https:\/\/secure.gravatar.com\/avatar\/a25140c83be38d3dc943083dc2bcb3e5d75fe71a1badd18bf9b149984418e77d?s=96&d=mm&r=g","caption":"Thais Cavalcante Chini"}}]}},"_links":{"self":[{"href":"https:\/\/vinhedoscuiaba.com.br\/blog\/wp-json\/wp\/v2\/posts\/17354","targetHints":{"allow":["GET"]}}],"collection":[{"href":"https:\/\/vinhedoscuiaba.com.br\/blog\/wp-json\/wp\/v2\/posts"}],"about":[{"href":"https:\/\/vinhedoscuiaba.com.br\/blog\/wp-json\/wp\/v2\/types\/post"}],"author":[{"embeddable":true,"href":"https:\/\/vinhedoscuiaba.com.br\/blog\/wp-json\/wp\/v2\/users\/11"}],"replies":[{"embeddable":true,"href":"https:\/\/vinhedoscuiaba.com.br\/blog\/wp-json\/wp\/v2\/comments?post=17354"}],"version-history":[{"count":1,"href":"https:\/\/vinhedoscuiaba.com.br\/blog\/wp-json\/wp\/v2\/posts\/17354\/revisions"}],"predecessor-version":[{"id":18009,"href":"https:\/\/vinhedoscuiaba.com.br\/blog\/wp-json\/wp\/v2\/posts\/17354\/revisions\/18009"}],"wp:featuredmedia":[{"embeddable":true,"href":"https:\/\/vinhedoscuiaba.com.br\/blog\/wp-json\/wp\/v2\/media\/17359"}],"wp:attachment":[{"href":"https:\/\/vinhedoscuiaba.com.br\/blog\/wp-json\/wp\/v2\/media?parent=17354"}],"wp:term":[{"taxonomy":"category","embeddable":true,"href":"https:\/\/vinhedoscuiaba.com.br\/blog\/wp-json\/wp\/v2\/categories?post=17354"},{"taxonomy":"post_tag","embeddable":true,"href":"https:\/\/vinhedoscuiaba.com.br\/blog\/wp-json\/wp\/v2\/tags?post=17354"}],"curies":[{"name":"wp","href":"https:\/\/api.w.org\/{rel}","templated":true}]}}